{"id":176609,"date":"2024-12-02T14:49:45","date_gmt":"2024-12-02T17:49:45","guid":{"rendered":"https:\/\/corrientesdetarde.com\/?p=176609"},"modified":"2024-12-03T08:33:01","modified_gmt":"2024-12-03T11:33:01","slug":"con-gran-afluencia-de-publico-se-vivio-la-noche-de-los-teatros","status":"publish","type":"post","link":"https:\/\/corrientesdetarde.com\/index.php\/cultura\/con-gran-afluencia-de-publico-se-vivio-la-noche-de-los-teatros\/","title":{"rendered":"Con gran afluencia de p\u00fablico se vivi\u00f3 \u201cLa Noche de los Teatros\u201d"},"content":{"rendered":"\n<p>Conmemorando el D\u00eda Nacional del Teatro durante el fin de semana se desarroll\u00f3 exitosamente el circuito teatral con 8 obras propuestas por compa\u00f1\u00edas teatrales locales en tres salas independientes de la ciudad y el patio del ICC en el marco del programa \u201cEl Vera fuera del Vera\u201d en coproducci\u00f3n entre el Teatro Oficial Juan de Vera, el INT y ACTECOR<\/p>\n\n\n\n<p>El Teatro Oficial Juan de Vera, dependiente del Instituto de Cultura de Corrientes, y en el marco del programa \u201cEl Vera fuera del Vera\u201d, llev\u00f3 adelante el pasado fin de semana \u201cLa Noche de los Teatros\u201d, actividad desarrollada en coincidencia con del Dia Nacional del Teatro, que se celebra anualmente cada 30 de noviembre.&nbsp;<\/p>\n\n\n\n<p>La actividad, coproducida entre el Teatro Oficial Juan de Vera y la representaci\u00f3n Corrientes del Instituto Nacional del&nbsp;<\/p>\n\n\n\n<p>Teatro junto a ACTECOR (Asociaci\u00f3n Civil de Trabajadores Esc\u00e9nicos de Corrientes) ofreci\u00f3 con acceso libre y durante dos d\u00edas, la puesta en escena de 8 obras para todo p\u00fablico y para p\u00fablico adulto, propuestas por compa\u00f1\u00edas teatrales locales en el Teatro de la Ciudad, en el Espacio Mari\u00f1o, en el Teatro Flotante y en el patio del Instituto de Cultura de Corrientes, con salas colmadas durante ambas jornadas.&nbsp;<\/p>\n\n\n\n<p>De esta manera, se puso de relieve la producci\u00f3n en torno a las artes esc\u00e9nicas de Corriente, generando visibilidad hacia el trabajo arduo que realizan las compa\u00f1\u00edas independientes locales, haciendo accesible la propuesta cultural con identidad, y motorizando la econom\u00eda del sector.<\/p>\n\n\n\n<p>Las obras que el p\u00fablico pudo disfrutar con acceso libre fueron \u201cChamaclown en vuelo\u201d del grupo Los Cuentas Clown, de Lupe Salazar y Edu Morales, con direcci\u00f3n de&nbsp; Edu Morales; el unipersonal \u201cLa Polaquita, guaynita rubia tatar\u00e9\u201d del grupo \u201cTeatro del Guar\u00e1n\u201d con autor\u00eda y direcci\u00f3n de Mar\u00eda Esther Aguirre;&nbsp; \u201cA Dios\u201d del grupo \u201cElenco Concertado\u201d, con autor\u00eda de&nbsp; Carolina Gularte y direcci\u00f3n de Laura Qui\u00f1ones; \u201cGuiso de plumas\u201d del grupo: \u201cNereidas\u201d, con autor\u00eda de Ana Mar\u00eda Bovo y direcci\u00f3n de Juan Javier Camino.&nbsp;<\/p>\n\n\n\n<p>\u201cGaler\u00eda de Nada\u201d, del grupo \u201cLa L\u00ednea\u201d, con autor\u00eda de An\u00edbal Friedrich y direcci\u00f3n de Facundo Sagardoy; \u201cEl Barrio de Pedrito\u201d del grupo \u201cLos T\u00edteres de El Asunto\u201d, con autor\u00eda y direcci\u00f3n de Karen De Micheli; \u201cEtiop\u00eda\u201d del grupo \u201cBorde &amp; Vagamundos\u201d, con autor\u00eda de Mariana Mazover y direcci\u00f3n de Lucas Manuel Garc\u00eda y \u201cVariaciones Meyerhold\u201d del grupo \u201cTeatro del Guar\u00e1n\u201d, con autor\u00eda de Mart\u00edn Eduardo Pavlovsky y direcci\u00f3n de Sergio Niz.&nbsp;<\/p>\n\n\n\n<p>&#8220;Tras las dos jornadas de \u201cLa noche de los Teatros\u201d, reafirmamos una vez m\u00e1s los logros que se consiguen con las coproducciones entre distintos organismos, en este caso un programa del Instituto Nacional del Teatro que se reeedita gracias a asociaciones intermedias como ACTECOR y el programa &#8220;El Vera fuera del Vera&#8221;, demostrando lo acertado del objetivo principal, las maratones de p\u00fablicos recorriendo las salas independientes y espacios oficiales, que a pesar del intenso calor y las amenazas clim\u00e1ticas de los dos d\u00edas, colmaron las capacidades de las salas.<\/p>\n\n\n\n<p>Esto nos impulsa a seguir comprometi\u00e9ndonos con futuros proyectos en beneficio de nuestros artistas y el p\u00fablico en general&#8221; manifest\u00f3 Jorge Frete, referente del INT representaci\u00f3n Corrientes.<\/p>\n\n\n\n<p><strong>+ Info:&nbsp;<\/strong>Instagram | teatrooficialjuandevera<\/p>\n\n\n\n<figure class=\"wp-block-image size-large\"><img loading=\"lazy\" decoding=\"async\" width=\"768\" height=\"1024\" src=\"https:\/\/corrientesdetarde.com\/wp-content\/uploads\/2024\/12\/image-106-768x1024.png\" alt=\"\" class=\"wp-image-176611\" srcset=\"https:\/\/corrientesdetarde.com\/wp-content\/uploads\/2024\/12\/image-106-768x1024.png 768w, https:\/\/corrientesdetarde.com\/wp-content\/uploads\/2024\/12\/image-106-225x300.png 225w, https:\/\/corrientesdetarde.com\/wp-content\/uploads\/2024\/12\/image-106.png 960w\" sizes=\"auto, (max-width: 768px) 100vw, 768px\" \/><\/figure>\n","protected":false},"excerpt":{"rendered":"<p>Conmemorando el D\u00eda Nacional del Teatro durante el fin de semana se desarroll\u00f3 exitosamente el circuito teatral con 8 obras propuestas por compa\u00f1\u00edas teatrales locales en tres salas independientes de&hellip; <\/p>\n","protected":false},"author":8,"featured_media":176610,"comment_status":"closed","ping_status":"open","sticky":false,"template":"","format":"standard","meta":{"footnotes":""},"categories":[15,1208],"tags":[],"class_list":["post-176609","post","type-post","status-publish","format-standard","has-post-thumbnail","hentry","category-cultura","category-eventossociedad"],"_links":{"self":[{"href":"https:\/\/corrientesdetarde.com\/index.php\/wp-json\/wp\/v2\/posts\/176609","targetHints":{"allow":["GET"]}}],"collection":[{"href":"https:\/\/corrientesdetarde.com\/index.php\/wp-json\/wp\/v2\/posts"}],"about":[{"href":"https:\/\/corrientesdetarde.com\/index.php\/wp-json\/wp\/v2\/types\/post"}],"author":[{"embeddable":true,"href":"https:\/\/corrientesdetarde.com\/index.php\/wp-json\/wp\/v2\/users\/8"}],"replies":[{"embeddable":true,"href":"https:\/\/corrientesdetarde.com\/index.php\/wp-json\/wp\/v2\/comments?post=176609"}],"version-history":[{"count":1,"href":"https:\/\/corrientesdetarde.com\/index.php\/wp-json\/wp\/v2\/posts\/176609\/revisions"}],"predecessor-version":[{"id":176612,"href":"https:\/\/corrientesdetarde.com\/index.php\/wp-json\/wp\/v2\/posts\/176609\/revisions\/176612"}],"wp:featuredmedia":[{"embeddable":true,"href":"https:\/\/corrientesdetarde.com\/index.php\/wp-json\/wp\/v2\/media\/176610"}],"wp:attachment":[{"href":"https:\/\/corrientesdetarde.com\/index.php\/wp-json\/wp\/v2\/media?parent=176609"}],"wp:term":[{"taxonomy":"category","embeddable":true,"href":"https:\/\/corrientesdetarde.com\/index.php\/wp-json\/wp\/v2\/categories?post=176609"},{"taxonomy":"post_tag","embeddable":true,"href":"https:\/\/corrientesdetarde.com\/index.php\/wp-json\/wp\/v2\/tags?post=176609"}],"curies":[{"name":"wp","href":"https:\/\/api.w.org\/{rel}","templated":true}]}}