{"id":176616,"date":"2024-12-02T14:55:44","date_gmt":"2024-12-02T17:55:44","guid":{"rendered":"https:\/\/corrientesdetarde.com\/?p=176616"},"modified":"2024-12-02T14:55:56","modified_gmt":"2024-12-02T17:55:56","slug":"tras-el-video-de-las-amenazas-el-gobierno-de-santa-fe-elevo-el-nivel-de-alerta","status":"publish","type":"post","link":"https:\/\/corrientesdetarde.com\/index.php\/politica\/tras-el-video-de-las-amenazas-el-gobierno-de-santa-fe-elevo-el-nivel-de-alerta\/","title":{"rendered":"Tras el video de las amenazas, el gobierno de Santa Fe elev\u00f3 el nivel de alerta"},"content":{"rendered":"\n<p>El ministro de Seguridad provincial sostuvo que hasta el momento no hay informaci\u00f3n de d\u00f3nde surgi\u00f3 la filmaci\u00f3n. Ante esto, se\u00f1al\u00f3 que van a incrementar los controles y requisas en la v\u00eda p\u00fablica.<\/p>\n\n\n\n<p>El gobierno de la\u00a0<strong>provincia de Santa Fe<\/strong>\u00a0decidi\u00f3 elevar el nivel de\u00a0<strong>alerta\u00a0<\/strong>y coordinar con Naci\u00f3n el refuerzo de la\u00a0<strong>custodia de \u201cblancos sensibles\u201d<\/strong>\u00a0luego de que se difundiera un\u00a0<strong>video\u00a0<\/strong>con\u00a0amenazas de un presunto grupo narco\u00a0contra el gobernador\u00a0<strong>Maximiliano Pullaro\u00a0<\/strong>y la ministra de Seguridad,\u00a0<strong>Patricia Bullrich<\/strong>.<\/p>\n\n\n\n<p>\u201cManifestamos nuestra&nbsp;<strong>preocupaci\u00f3n<\/strong>&nbsp;y desde el primer momento estuvimos en contacto junto al gobernador con la ministra de Seguridad y con la fiscal\u00eda nacional y provincial. La investigaci\u00f3n de los hechos, al haber amenazado a una funcionaria nacional,&nbsp;<strong>es competencia de la justicia federal<\/strong>\u201d, dijo este lunes el ministro de Justicia y Seguridad de la Provincia de Santa Fe,&nbsp;<strong>Pablo Cococcioni<\/strong>.<\/p>\n\n\n\n<p>Y agreg\u00f3, en conferencia de prensa: \u201cNos pusimos a disposici\u00f3n para&nbsp;<strong>proveer todos los recursos e informaci\u00f3n<\/strong>&nbsp;disponible. Nos contactamos con&nbsp;<strong>Federico Angelini<\/strong>&nbsp;(subsecretario de Intervenci\u00f3n Federal del ministerio de Seguridad de la Naci\u00f3n) para coordinar el despliegue preventivo. Hasta nuevo aviso vamos a&nbsp;<strong>elevar los niveles de alerta y proteger algunos blancos priorizados<\/strong>, sin descuidar ning\u00fan aspecto del despliegue policial preventivo para los santafesinos\u201d.<\/p>\n\n\n\n<p>Consultado sobre el&nbsp;<strong>posible origen del video<\/strong>&nbsp;y la identificaci\u00f3n de los autores, el ministro provincial se\u00f1al\u00f3: \u201c<strong>No tenemos informaci\u00f3n<\/strong>&nbsp;de d\u00f3nde pudo haber salido el video. Estuvimos en contacto constante con Bullrich y Angelini. Tenemos lo que se pudo ver y escuchar, que son las&nbsp;<strong>declaraciones de los propios delincuentes<\/strong>\u201d.<\/p>\n\n\n\n<figure class=\"wp-block-image\"><img decoding=\"async\" src=\"https:\/\/tn.com.ar\/resizer\/v2\/https%3A%2F%2Fthumbs.vodgc.net%2F1-14-lsgskU1733106253177_480P.jpg?auth=e89dfe2336957911949be00110a4882d87a4374edc6ff4bdf08f25ca9a3d20b1&amp;width=767\" alt=\"Video Placeholder\"\/><\/figure>\n\n\n\n<p>Advirtieron a la ministra de Seguridad de la Naci\u00f3n y tambi\u00e9n al gobernador de Santa Fe, Maximiliano Pullaro. El Gobierno sali\u00f3 a contestar con un comunicado en redes sociales.<\/p>\n\n\n\n<p>\u201cLa investigaci\u00f3n judicial debe establecer la veracidad y la seriedad de las supuestas amenazas. Tambi\u00e9n identificar a los autores y el lugar que se produjeron, que no est\u00e1 establecido hasta el d\u00eda de hoy.&nbsp;<strong>Se menciona la Ciudad de Buenos Aires y Rosario<\/strong>, con lo cual no vamos a escatimar medidas de prevenci\u00f3n\u201d, sum\u00f3.<\/p>\n\n\n\n<p>Respecto de las distintas hip\u00f3tesis que rodean al caso, el ministro dijo: \u201cHay algunas cuestiones que podr\u00eda dar lugar a alg\u00fan&nbsp;<strong>cuestionamiento o suspicacia<\/strong>. Aunque haya cuestiones que uno pueda tener alguna&nbsp;<strong>duda respecto de la forma en que se expresan o el tema de taparse la cara<\/strong>, eso no significa que debamos quitarle seriedad a la amenaza en s\u00ed. Una&nbsp;<strong>amenaza burda no necesariamente es burda<\/strong>&nbsp;en su falta de consecuencias. Se toma todo con la mayor seriedad hasta que se resuelva\u201d.<\/p>\n\n\n\n<p>\u201cSe va a&nbsp;<strong>incrementar los controles, requisas e identificaciones en v\u00eda p\u00fablica<\/strong>. Particularmente en algunas zonas cercanas a algunos actores del sistema de justicia penal. M\u00e1s all\u00e1 de algunos puntos, va a haber una&nbsp;<strong>elevaci\u00f3n general de nivel alerta en Rosario y sus alrededores<\/strong>\u201d, advirti\u00f3 Cococcioni.<\/p>\n\n\n\n<p>El funcionario santafesino dijo que \u201c<strong>entre hoy y ma\u00f1ana<\/strong>&nbsp;(lunes y martes) habr\u00e1 alg\u00fan tipo de&nbsp;<strong>reuni\u00f3n con el Ministerio de Seguridad de la Naci\u00f3n<\/strong>\u201d.<\/p>\n\n\n\n<p>Por su parte,&nbsp;<strong>Bullrich&nbsp;<\/strong>sostuvo que la banda que grab\u00f3 el video estar\u00eda ubicada en la provincia de Buenos Aires y que podr\u00eda formar parte de una respuesta luego de que&nbsp;<strong>enviaran a delincuentes pesados a un penal de alto riesgo.<\/strong><\/p>\n","protected":false},"excerpt":{"rendered":"<p>El ministro de Seguridad provincial sostuvo que hasta el momento no hay informaci\u00f3n de d\u00f3nde surgi\u00f3 la filmaci\u00f3n. Ante esto, se\u00f1al\u00f3 que van a incrementar los controles y requisas en&hellip; <\/p>\n","protected":false},"author":8,"featured_media":176617,"comment_status":"closed","ping_status":"open","sticky":false,"template":"","format":"standard","meta":{"footnotes":""},"categories":[3],"tags":[],"class_list":["post-176616","post","type-post","status-publish","format-standard","has-post-thumbnail","hentry","category-politica"],"_links":{"self":[{"href":"https:\/\/corrientesdetarde.com\/index.php\/wp-json\/wp\/v2\/posts\/176616","targetHints":{"allow":["GET"]}}],"collection":[{"href":"https:\/\/corrientesdetarde.com\/index.php\/wp-json\/wp\/v2\/posts"}],"about":[{"href":"https:\/\/corrientesdetarde.com\/index.php\/wp-json\/wp\/v2\/types\/post"}],"author":[{"embeddable":true,"href":"https:\/\/corrientesdetarde.com\/index.php\/wp-json\/wp\/v2\/users\/8"}],"replies":[{"embeddable":true,"href":"https:\/\/corrientesdetarde.com\/index.php\/wp-json\/wp\/v2\/comments?post=176616"}],"version-history":[{"count":1,"href":"https:\/\/corrientesdetarde.com\/index.php\/wp-json\/wp\/v2\/posts\/176616\/revisions"}],"predecessor-version":[{"id":176618,"href":"https:\/\/corrientesdetarde.com\/index.php\/wp-json\/wp\/v2\/posts\/176616\/revisions\/176618"}],"wp:featuredmedia":[{"embeddable":true,"href":"https:\/\/corrientesdetarde.com\/index.php\/wp-json\/wp\/v2\/media\/176617"}],"wp:attachment":[{"href":"https:\/\/corrientesdetarde.com\/index.php\/wp-json\/wp\/v2\/media?parent=176616"}],"wp:term":[{"taxonomy":"category","embeddable":true,"href":"https:\/\/corrientesdetarde.com\/index.php\/wp-json\/wp\/v2\/categories?post=176616"},{"taxonomy":"post_tag","embeddable":true,"href":"https:\/\/corrientesdetarde.com\/index.php\/wp-json\/wp\/v2\/tags?post=176616"}],"curies":[{"name":"wp","href":"https:\/\/api.w.org\/{rel}","templated":true}]}}