{"id":176619,"date":"2024-12-02T14:58:40","date_gmt":"2024-12-02T17:58:40","guid":{"rendered":"https:\/\/corrientesdetarde.com\/?p=176619"},"modified":"2024-12-02T14:58:45","modified_gmt":"2024-12-02T17:58:45","slug":"icardi-fue-operado-de-la-rotura-de-ligamento-cruzado-y-escribio-una-particular-dedicatoria-a-su-gran-familia","status":"publish","type":"post","link":"https:\/\/corrientesdetarde.com\/index.php\/deportes\/icardi-fue-operado-de-la-rotura-de-ligamento-cruzado-y-escribio-una-particular-dedicatoria-a-su-gran-familia\/","title":{"rendered":"Icardi fue operado de la rotura de ligamento cruzado y escribi\u00f3 una particular dedicatoria a su \u201cgran familia\u201d"},"content":{"rendered":"\n<p>El delantero se lesion\u00f3 hace un mes, pero reci\u00e9n hoy pudo someterse a la cirug\u00eda. Su vuelta se estima para mediados de a\u00f1o.<\/p>\n\n\n\n<p><strong>Mauro Icardi<\/strong>\u00a0fue operado de la\u00a0<strong>rotura de ligamento cruzado\u00a0<\/strong>y comparti\u00f3 un emotivo texto en sus redes sociales, en donde\u00a0<strong>le agradeci\u00f3 a su m\u00e9dico y la \u201cgran familia\u201d\u00a0<\/strong>que es su club, el Galatasaray.<\/p>\n\n\n\n<p>\u201cGracias a todo el Staff que trabaj\u00f3 en esta operaci\u00f3n para que salga exitosa.&nbsp;<strong>Tambi\u00e9n quiero agradecer a mi gran familia del Galatasaray por estar pendientes de cada detalle y organizar todo.&nbsp;<\/strong>\u00a1Vuelvo pronto!\u201d, escribi\u00f3 el delantero en sus redes sociales.<\/p>\n\n\n\n<figure class=\"wp-block-image\"><img decoding=\"async\" src=\"https:\/\/tn.com.ar\/resizer\/v2\/mauro-icardi-fue-operado-de-la-rotura-de-ligamento-cruzado-y-compartio-un-emotivo-texto-en-sus-redes-sociales-en-donde-le-agradecio-a-su-medico-y-la-gran-familia-que-es-su-club-el-galatasaray-mauro-icardi-instagram-YMVX56Z73ZAR7OW4PSCRIMZK4I.jpg?auth=3ec9cfceed09205a0a9bddaae67990d20584e8d1d602c1fe124928443f9ae359&amp;width=767\" alt=\"Mauro Icardi fue operado de la rotura de ligamento cruzado y comparti\u00f3 un emotivo texto en sus redes sociales, en donde le agradeci\u00f3 a su m\u00e9dico y la \u201cgran familia\u201d que es su club, el Galatasaray. (Mauro Icardi Instagram)\"\/><\/figure>\n\n\n\n<p>Icardi se lesion\u00f3 el 8 de noviembre en un partido en el que el&nbsp;<strong>Galatasaray le gan\u00f3 3-2 al Tottenham&nbsp;<\/strong>por la&nbsp;<strong>Europa League.&nbsp;<\/strong>El futbolista qued\u00f3 inmovil a los 84 minutos de partido y tuvo que salir en camilla del encuentro. Finalmente se confirm\u00f3 el peor diagn\u00f3stico.<\/p>\n\n\n\n<p>D\u00edas despu\u00e9s, decidi\u00f3 viajar al pa\u00eds para estar junto a sus hijos y para resolver el divorcio con Wanda Nara, su esposa, que\u00a0<strong>comenz\u00f3 una relaci\u00f3n con el m\u00fasico argentino L-Gante.<\/strong><\/p>\n\n\n\n<p>Se espera que Icardi vuelva a las canchas a mediado del a\u00f1o pr\u00f3ximo.<\/p>\n","protected":false},"excerpt":{"rendered":"<p>El delantero se lesion\u00f3 hace un mes, pero reci\u00e9n hoy pudo someterse a la cirug\u00eda. Su vuelta se estima para mediados de a\u00f1o. Mauro Icardi\u00a0fue operado de la\u00a0rotura de ligamento&hellip; <\/p>\n","protected":false},"author":8,"featured_media":176620,"comment_status":"closed","ping_status":"open","sticky":false,"template":"","format":"standard","meta":{"footnotes":""},"categories":[4],"tags":[],"class_list":["post-176619","post","type-post","status-publish","format-standard","has-post-thumbnail","hentry","category-deportes"],"_links":{"self":[{"href":"https:\/\/corrientesdetarde.com\/index.php\/wp-json\/wp\/v2\/posts\/176619","targetHints":{"allow":["GET"]}}],"collection":[{"href":"https:\/\/corrientesdetarde.com\/index.php\/wp-json\/wp\/v2\/posts"}],"about":[{"href":"https:\/\/corrientesdetarde.com\/index.php\/wp-json\/wp\/v2\/types\/post"}],"author":[{"embeddable":true,"href":"https:\/\/corrientesdetarde.com\/index.php\/wp-json\/wp\/v2\/users\/8"}],"replies":[{"embeddable":true,"href":"https:\/\/corrientesdetarde.com\/index.php\/wp-json\/wp\/v2\/comments?post=176619"}],"version-history":[{"count":1,"href":"https:\/\/corrientesdetarde.com\/index.php\/wp-json\/wp\/v2\/posts\/176619\/revisions"}],"predecessor-version":[{"id":176621,"href":"https:\/\/corrientesdetarde.com\/index.php\/wp-json\/wp\/v2\/posts\/176619\/revisions\/176621"}],"wp:featuredmedia":[{"embeddable":true,"href":"https:\/\/corrientesdetarde.com\/index.php\/wp-json\/wp\/v2\/media\/176620"}],"wp:attachment":[{"href":"https:\/\/corrientesdetarde.com\/index.php\/wp-json\/wp\/v2\/media?parent=176619"}],"wp:term":[{"taxonomy":"category","embeddable":true,"href":"https:\/\/corrientesdetarde.com\/index.php\/wp-json\/wp\/v2\/categories?post=176619"},{"taxonomy":"post_tag","embeddable":true,"href":"https:\/\/corrientesdetarde.com\/index.php\/wp-json\/wp\/v2\/tags?post=176619"}],"curies":[{"name":"wp","href":"https:\/\/api.w.org\/{rel}","templated":true}]}}