{"id":176633,"date":"2024-12-02T15:34:15","date_gmt":"2024-12-02T18:34:15","guid":{"rendered":"https:\/\/corrientesdetarde.com\/?p=176633"},"modified":"2024-12-02T15:34:27","modified_gmt":"2024-12-02T18:34:27","slug":"el-duro-descargo-del-arquero-de-independiente-contra-el-colegio-al-que-asiste-su-hijo-diagnosticado-con-tea","status":"publish","type":"post","link":"https:\/\/corrientesdetarde.com\/index.php\/deportes\/el-duro-descargo-del-arquero-de-independiente-contra-el-colegio-al-que-asiste-su-hijo-diagnosticado-con-tea\/","title":{"rendered":"El duro descargo del arquero de Independiente contra el colegio al que asiste su hijo diagnosticado con TEA"},"content":{"rendered":"\n<p>El guardameta del equipo de Avellaneda hizo un fuerte posteo en sus redes sociales.<\/p>\n\n\n\n<p>El guardameta del equipo de Avellaneda hizo un fuerte posteo en sus redes sociales en el que describi\u00f3 el mal momento que pasan como familia.<\/p>\n\n\n\n<p><strong>Rodrigo Rey<\/strong>, arquero de\u00a0<strong>Independiente<\/strong>, comparti\u00f3 una serie de historias en su cuenta de Instagram en las que\u00a0<strong>relat\u00f3 el duro momento familiar que est\u00e1n viviendo por una situaci\u00f3n que tiene que ver con su hijo, Benicio, diagnosticado con trastorno del espectro autista (TEA).<\/strong><\/p>\n\n\n\n<p>Por lo que se puede desprender del descargo del guardameta del equipo de Avellaneda,&nbsp;<strong>en el colegio de su hijo a\u00fan no le confirmaron una vacante para el a\u00f1o pr\u00f3ximo<\/strong>, lo que gener\u00f3 una gran angustia en la familia.<\/p>\n\n\n\n<p>\u201cNo son d\u00edas buenos ni son d\u00edas malos, son simplemente d\u00edas. No logran ser buenos porque s\u00e9 que los m\u00edos, que mi familia, que mi mujer, que mis hijos, al igual que yo&nbsp;<strong>tenemos esa sensaci\u00f3n de injusticia<\/strong>. Esa impotencia que se canaliza como se puede, que te atraviesa\u201d, comenz\u00f3.<\/p>\n\n\n\n<figure class=\"wp-block-image\"><img decoding=\"async\" src=\"https:\/\/tn.com.ar\/resizer\/v2\/rodrigo-rey-arquero-de-independiente-hablo-de-la-siotuacion-personal-de-su-familia-y-reconocio-su-angustia-por-la-enfermedad-que-padece-su-hijo-foto-ig-lalirey-YMOHHJNQURGUVBKCY2BTQID52E.jpg?auth=5418fba64f24dc7cc3bf0c62d10d7c3067c206d07f0541fb62196563b175eeec&amp;width=767\" alt=\"Rodrigo Rey, arquero de Independiente, habl\u00f3 de la siotuaci\u00f3n personal de su familia y reconoci\u00f3 su angustia por la enfermedad que padece su hijo. (Foto: IG lali_rey_).\"\/><\/figure>\n\n\n\n<p>Y sigui\u00f3: \u201cEsa bronca de ver que a veces no alcanza con ser buena gente,&nbsp;<strong>que defender los derechos de tus hijos le molesta a otras personas y deciden, en represalia sacar a tus hijos de sus espacios<\/strong>, de sus c\u00edrculos de amigos, sin importar si su estabilidad emocional est\u00e1 en juego, sin importar que son chicos que su entorno los adora, sin importar que uno de ellos es TEA (autista) y que justamente sus amigos lo ayudaron a avanzar este a\u00f1o a pasos agigantados al punto de poder reducir sus terapias de 5 a 3 semanales.&nbsp;<strong>ESTAMOS ROTOS<\/strong>\u201d, indic\u00f3 el arquero en sus redes sociales.<\/p>\n\n\n\n<p>Por \u00faltimo, dej\u00f3 en claro que seguir\u00e1n luchando: \u201cAhora, tampoco puedo permitirme que sean malos porque en mi mundo, en mi trabajo no hay pausas, no hay tiempos, se sigue siempre para adelante y hay que estar listo para la pr\u00f3xima batalla.&nbsp;<strong>Hay que juntar los pedacitos, pegarlos r\u00e1pido y estar fuerte para seguir adelante dando pelea\u201d.<\/strong><\/p>\n\n\n\n<figure class=\"wp-block-image\"><img decoding=\"async\" src=\"https:\/\/tn.com.ar\/resizer\/v2\/el-desgarrador-relato-de-rodrigo-rey-por-la-situacion-que-atraviesa-su-hijo-estamos-rotos-instagram-rodrigo-rey-EUP5TUKJ2FFIBBRHIYKPELFR2Q.jpg?auth=82521c804d258e5fb9d5439030a41f8489cd7698493ac78d9e6280bf7d231c17&amp;width=767\" alt=\"El desgarrador relato de Rodrigo Rey por la situaci\u00f3n que atraviesa su hijo: \u201cEstamos rotos\u201d. (Instagram Rodrigo Rey)\"\/><\/figure>\n\n\n\n<p>\u201cSi hay algo que me ense\u00f1\u00f3 el f\u00fatbol y la vida es eso, es a no bajar los brazos, es a hacer que las cosas sucedan, es que&nbsp;<strong>vale la pena librar las batallas que son honestas, que son justas y eso haremos.<\/strong>&nbsp;Con el coraz\u00f3n en la mano, juntos como familia, como equipo para buscar fuerzas de donde hoy es dif\u00edcil encontrar. Confiamos mucho en Dios y en la justicia\u201d, cerr\u00f3.<\/p>\n\n\n\n<h2 class=\"wp-block-heading\">La fuerte denuncia que hicieron el arquero de Independiente y su esposa contra el colegio de su hijo a mediados de a\u00f1o<\/h2>\n\n\n\n<p>En junio de este a\u00f1o, Rey y su pareja tomaron la decisi\u00f3n de publicar en sus cuentas de Instagram el mal momento que vivi\u00f3 su hijo en el&nbsp;<strong>Instituto Jos\u00e9 Manuel Estrada de City Bell<\/strong>, porque el establecimiento no ten\u00eda los elementos adecuados para cuidarlo.<\/p>\n\n\n\n<p>Tras dos semanas sin haber asistido al instituto por una enfermedad, Benicio (el hijo de la pareja) regres\u00f3 a clases, pero<strong>&nbsp;pidi\u00f3 irse antes por una situaci\u00f3n que lo hizo angustiarse<\/strong>. Ocurre que el nene necesita un espacio de calma para poder descansar, pero<strong>&nbsp;solo le brindaron una colchoneta en el piso<\/strong>, aseguraron. En las fotos se puede ver el precario lugar.<\/p>\n\n\n\n<p>\u201c<strong>Esta imagen es el supuesto \u2018espacio de calma\u2019 de nuestro hijo en la escuela<\/strong>. Esta imagen describe lo que venimos renegando con esta escuela.&nbsp;<strong>Esta imagen nos parte el alma en mil<\/strong>. Una escuela privada, que cuentan con pap\u00e1s que han ofrecido todo\u201d, empez\u00f3 diciendo Rey junto a una foto en la que se ve\u00eda una colchoneta en el suelo.<\/p>\n\n\n\n<figure class=\"wp-block-image\"><img decoding=\"async\" src=\"https:\/\/tn.com.ar\/resizer\/v2\/el-posteo-de-rodrigo-rey-en-instagram-KST7L4XAFFHUDNYGRKMQSW47SM.jpg?auth=98f543f2625e961a7aec36955e1409203c1917cba3e5f050895473f7c03d6605&amp;width=767\" alt=\"El posteo de Rodrigo Rey en Instagram.\"\/><\/figure>\n\n\n\n<p>\u201cHoy nuestro hijo, despu\u00e9s de dos semanas enfermo, volvi\u00f3 con mucho esfuerzo al colegio, en un proceso de recuperarse f\u00edsicamente, ya casi baj\u00f3 dos kilos.&nbsp;<strong>Hoy necesit\u00f3 un espacio de calma y \u00a1no lo tuvo! Intent\u00f3 acostarse ah\u00ed y no quiso saber nada. Medio cuerpo afuera y casi como \u00a1estar en el piso!&nbsp;<\/strong>Ustedes no se dan una idea cu\u00e1ntas veces ofrecimos incorporar cosas no solo para Beni, sino para todos los ni\u00f1os que necesiten y puedan beneficiarse\u201d, agreg\u00f3 el jugador del Rojo.<\/p>\n\n\n\n<p>\u201c<strong>No vamos a permitir que le sigan faltando el respeto a nadie m\u00e1s<\/strong>. No quer\u00edamos que este momento llegara nunca, solo quer\u00edamos destinar nuestras energ\u00edas a que nuestro hijo estuviera bien. Esta escuela est\u00e1 negando a los ni\u00f1os a tener un espacio mejor y adecuado para tal caso. Es incre\u00edblemente inentendible\u201d, sum\u00f3.<\/p>\n\n\n\n<p>En ese sentido, recalc\u00f3 que ni \u00e9l ni su esposa quer\u00edan contar p\u00fablicamente lo vivido, pero que necesitaron hacerlo. \u201cHemos guardado silencio, nunca nos imaginamos estar en esta situaci\u00f3n. Por supuesto, esto fue la gota que rebals\u00f3 el vaso. Para que se entienda el contexto:&nbsp;<strong>hoy una vez m\u00e1s le faltaron el respeto a nuestro hijo\u201d<\/strong>, explic\u00f3.<\/p>\n","protected":false},"excerpt":{"rendered":"<p>El guardameta del equipo de Avellaneda hizo un fuerte posteo en sus redes sociales. El guardameta del equipo de Avellaneda hizo un fuerte posteo en sus redes sociales en el&hellip; <\/p>\n","protected":false},"author":8,"featured_media":176634,"comment_status":"closed","ping_status":"open","sticky":false,"template":"","format":"standard","meta":{"footnotes":""},"categories":[4],"tags":[],"class_list":["post-176633","post","type-post","status-publish","format-standard","has-post-thumbnail","hentry","category-deportes"],"_links":{"self":[{"href":"https:\/\/corrientesdetarde.com\/index.php\/wp-json\/wp\/v2\/posts\/176633","targetHints":{"allow":["GET"]}}],"collection":[{"href":"https:\/\/corrientesdetarde.com\/index.php\/wp-json\/wp\/v2\/posts"}],"about":[{"href":"https:\/\/corrientesdetarde.com\/index.php\/wp-json\/wp\/v2\/types\/post"}],"author":[{"embeddable":true,"href":"https:\/\/corrientesdetarde.com\/index.php\/wp-json\/wp\/v2\/users\/8"}],"replies":[{"embeddable":true,"href":"https:\/\/corrientesdetarde.com\/index.php\/wp-json\/wp\/v2\/comments?post=176633"}],"version-history":[{"count":1,"href":"https:\/\/corrientesdetarde.com\/index.php\/wp-json\/wp\/v2\/posts\/176633\/revisions"}],"predecessor-version":[{"id":176635,"href":"https:\/\/corrientesdetarde.com\/index.php\/wp-json\/wp\/v2\/posts\/176633\/revisions\/176635"}],"wp:featuredmedia":[{"embeddable":true,"href":"https:\/\/corrientesdetarde.com\/index.php\/wp-json\/wp\/v2\/media\/176634"}],"wp:attachment":[{"href":"https:\/\/corrientesdetarde.com\/index.php\/wp-json\/wp\/v2\/media?parent=176633"}],"wp:term":[{"taxonomy":"category","embeddable":true,"href":"https:\/\/corrientesdetarde.com\/index.php\/wp-json\/wp\/v2\/categories?post=176633"},{"taxonomy":"post_tag","embeddable":true,"href":"https:\/\/corrientesdetarde.com\/index.php\/wp-json\/wp\/v2\/tags?post=176633"}],"curies":[{"name":"wp","href":"https:\/\/api.w.org\/{rel}","templated":true}]}}