{"id":176636,"date":"2024-12-02T15:37:29","date_gmt":"2024-12-02T18:37:29","guid":{"rendered":"https:\/\/corrientesdetarde.com\/?p=176636"},"modified":"2024-12-02T15:37:33","modified_gmt":"2024-12-02T18:37:33","slug":"el-duro-descargo-que-hizo-mauro-icardi-luego-de-que-wanda-nara-contara-detalles-de-su-separacion-en-tv","status":"publish","type":"post","link":"https:\/\/corrientesdetarde.com\/index.php\/espectaculos\/el-duro-descargo-que-hizo-mauro-icardi-luego-de-que-wanda-nara-contara-detalles-de-su-separacion-en-tv\/","title":{"rendered":"El duro descargo que hizo Mauro Icardi luego de que Wanda Nara contara detalles de su separaci\u00f3n en TV"},"content":{"rendered":"\n<p>\u201cInjuri\u00e1s y difam\u00e1s; sos una excelente actriz. No me interes\u00e1s, ni estoy obsesionado, ni tengo una relaci\u00f3n con nadie. Solo dec\u00eds mentiras\u201d, agreg\u00f3 el deportista.<\/p>\n\n\n\n<p>Luego de la entrevista que\u00a0<strong>Wanda Nara<\/strong>\u00a0le dio a\u00a0<strong>Susana Gim\u00e9nez,<\/strong>\u00a0en la que expuso detalles \u00edntimos de su separaci\u00f3n de<strong>Mauro Icardi<\/strong>,\u00a0el futbolista hizo un fuerte descargo en el que lanz\u00f3 terribles frases contra la medi\u00e1tica.<\/p>\n\n\n\n<p><strong>Pepe Ochoa<\/strong>, panelista de&nbsp;<em>LAM&nbsp;<\/em>(<em>Am\u00e9rica<\/em>), public\u00f3 en sus redes el mensaje le mand\u00f3 el delantero del&nbsp;<strong>Galatasaray&nbsp;<\/strong>segundos despu\u00e9s de que terminara el programa de TV.&nbsp;<strong>\u201cSe le cay\u00f3 la careta\u201d, lanz\u00f3, entre otras contundentes expresiones.<\/strong><\/p>\n\n\n\n<h2 class=\"wp-block-heading\">Qu\u00e9 dijo Mauro Icardi sobre Wanda Nara<\/h2>\n\n\n\n<p>Mauro Icardi fue contundente contra Wanda. \u201c\u00bf<strong>Victimizarte despu\u00e9s de que te jactaste&nbsp;<\/strong>ante los periodistas que cr\u00edticas de contarles que me enga\u00f1aste a m\u00ed y a tus hijos desde hace 3 a\u00f1os? \u00bfAseveraste ser infiel hace 3 a\u00f1os? Vos lo afirmaste, te olvidas que mientras yo cuidaba a mis hijas y a sus hermanos, creyendo que estabas trabajando, estabas viviendo una doble vida\u201d, lanz\u00f3 el deportista, acus\u00e1ndola de haberlo enga\u00f1ado con&nbsp;<strong>L-Gante.<\/strong><\/p>\n\n\n\n<figure class=\"wp-block-image\"><img decoding=\"async\" src=\"https:\/\/tn.com.ar\/resizer\/v2\/pepe-ochoa-mostro-un-texto-que-le-mando-mauro-icardi-sobre-wanda-nara-foto-xpepeochoa88-YKOOFAWIFNCERMRB4Q7I6VLG2E.JPG?auth=1553ee2eca4c9b5cf25a1125e3edfde1fc28869f57f62451ebe59d776ba030a9&amp;width=767\" alt=\"Pepe Ochoa mostr\u00f3 un texto que le mand\u00f3 Mauro Icardi sobre Wanda Nara. (Foto: X\/pepeochoa88)\"\/><\/figure>\n\n\n\n<p>La conductora habl\u00f3 en el programa de Susana sobre la relaci\u00f3n que tiene con el cantante. En sus redes confirm\u00f3 que est\u00e1n juntos, con idas y venidas, hace tres a\u00f1os.&nbsp;<strong>A Icardi no le cay\u00f3 nada bien esta revelaci\u00f3n.<\/strong><\/p>\n\n\n\n<p>\u201cLa diferencia entre vos y yo es que yo comet\u00ed un error y te lo dije primero a vos; vos misma lo contaste, a Susana incluso, \u00bfle mentiste en ese entonces? No me extra\u00f1ar\u00eda, pudiste elegir; yo te d\u00ed la chance, vos decidiste fingir demencia y seguir.&nbsp;<strong>Nadie te oblig\u00f3.<\/strong>&nbsp;Qu\u00e9 te llev\u00f3 a quedarte y tener doble vida, no lo s\u00e9\u201d, lanz\u00f3, en referencia a la reconciliaci\u00f3n que tuvieron luego de que se distanciaran tras el affaire del delantero con la&nbsp;<strong>China Su\u00e1rez.<\/strong><\/p>\n\n\n\n<figure class=\"wp-block-image\"><img decoding=\"async\" src=\"https:\/\/tn.com.ar\/resizer\/v2\/https%3A%2F%2Fthumbs.vodgc.net%2F1-14-EpKxE91733142809098-1733144661.jpg?auth=398eadd3d9960503cc895d16376dc25abe377fa9fecbd1a33f058a074ce948f0&amp;width=767\" alt=\"Video Placeholder\"\/><\/figure>\n\n\n\n<p>Luego, el goleador sigui\u00f3 exponiendo sus opiniones y se defendi\u00f3 de lo que cont\u00f3 Wanda, acerca de que practica la caza deportiva de animales. \u201cNunca cac\u00e9 en mi vida. Inventaste algo que tendr\u00e1s que demostrarlo en la Justicia.&nbsp;<strong>Injuri\u00e1s y difam\u00e1s<\/strong>; excelente actriz, se te cay\u00f3 la careta. Mostraste chats viejos; no me interes\u00e1s, ni estoy obsesionado, ni tengo una relaci\u00f3n con nadie. Mentiras y m\u00e1s mentiras\u201d, expres\u00f3.<\/p>\n\n\n\n<p>En el final de su descargo volvi\u00f3 a decir que su prioridad son sus hijas y recuperarse de la grave lesi\u00f3n que tuvo en la rodilla. Adem\u00e1s, cuestion\u00f3 una vez m\u00e1s a Wanda. \u201cNo mostr\u00e1s nada porque no existe.&nbsp;<strong>Como siempre, mostr\u00e1s lo que te conviene<\/strong>, fuera de contexto. Veremos qu\u00e9 haces cuando la justicia pericie las pruebas reales, no los chats viejos y los audios hechos con IA\u201d, cerr\u00f3.<\/p>\n","protected":false},"excerpt":{"rendered":"<p>\u201cInjuri\u00e1s y difam\u00e1s; sos una excelente actriz. No me interes\u00e1s, ni estoy obsesionado, ni tengo una relaci\u00f3n con nadie. Solo dec\u00eds mentiras\u201d, agreg\u00f3 el deportista. Luego de la entrevista que\u00a0Wanda&hellip; <\/p>\n","protected":false},"author":8,"featured_media":176637,"comment_status":"closed","ping_status":"open","sticky":false,"template":"","format":"standard","meta":{"footnotes":""},"categories":[19],"tags":[],"class_list":["post-176636","post","type-post","status-publish","format-standard","has-post-thumbnail","hentry","category-espectaculos"],"_links":{"self":[{"href":"https:\/\/corrientesdetarde.com\/index.php\/wp-json\/wp\/v2\/posts\/176636","targetHints":{"allow":["GET"]}}],"collection":[{"href":"https:\/\/corrientesdetarde.com\/index.php\/wp-json\/wp\/v2\/posts"}],"about":[{"href":"https:\/\/corrientesdetarde.com\/index.php\/wp-json\/wp\/v2\/types\/post"}],"author":[{"embeddable":true,"href":"https:\/\/corrientesdetarde.com\/index.php\/wp-json\/wp\/v2\/users\/8"}],"replies":[{"embeddable":true,"href":"https:\/\/corrientesdetarde.com\/index.php\/wp-json\/wp\/v2\/comments?post=176636"}],"version-history":[{"count":1,"href":"https:\/\/corrientesdetarde.com\/index.php\/wp-json\/wp\/v2\/posts\/176636\/revisions"}],"predecessor-version":[{"id":176638,"href":"https:\/\/corrientesdetarde.com\/index.php\/wp-json\/wp\/v2\/posts\/176636\/revisions\/176638"}],"wp:featuredmedia":[{"embeddable":true,"href":"https:\/\/corrientesdetarde.com\/index.php\/wp-json\/wp\/v2\/media\/176637"}],"wp:attachment":[{"href":"https:\/\/corrientesdetarde.com\/index.php\/wp-json\/wp\/v2\/media?parent=176636"}],"wp:term":[{"taxonomy":"category","embeddable":true,"href":"https:\/\/corrientesdetarde.com\/index.php\/wp-json\/wp\/v2\/categories?post=176636"},{"taxonomy":"post_tag","embeddable":true,"href":"https:\/\/corrientesdetarde.com\/index.php\/wp-json\/wp\/v2\/tags?post=176636"}],"curies":[{"name":"wp","href":"https:\/\/api.w.org\/{rel}","templated":true}]}}