{"id":176639,"date":"2024-12-02T15:40:19","date_gmt":"2024-12-02T18:40:19","guid":{"rendered":"https:\/\/corrientesdetarde.com\/?p=176639"},"modified":"2024-12-02T15:42:37","modified_gmt":"2024-12-02T18:42:37","slug":"el-desolador-posteo-de-williams-por-el-accidente-que-obligo-a-franco-colapinto-a-abandonar-en-el-gp-de-qatar","status":"publish","type":"post","link":"https:\/\/corrientesdetarde.com\/index.php\/deportes\/el-desolador-posteo-de-williams-por-el-accidente-que-obligo-a-franco-colapinto-a-abandonar-en-el-gp-de-qatar\/","title":{"rendered":"El desolador posteo de Williams por el accidente que oblig\u00f3 a Franco Colapinto a abandonar en el GP de Qatar"},"content":{"rendered":"\n<p>Desde la escuder\u00eda inglesa lamentaron el resultado del argentino. El otro piloto, Alex Albon, termin\u00f3 15\u00b0.<\/p>\n\n\n\n<p><strong>Franco Colapinto<\/strong>\u00a0sufri\u00f3 una gran decepci\u00f3n en el\u00a0<strong>Gran Premio de Qatar de F\u00f3rmula 1<\/strong>\u00a0ya que debi\u00f3 abandonar en la primera vuelta. El argentino se vio involucrado en un accidente entre otros dos autos y qued\u00f3 fuera de carrera. Este lunes,<strong>\u00a0la escuder\u00eda Williams lament\u00f3 el episodio a trav\u00e9s de un posteo en sus redes sociales.<\/strong><\/p>\n\n\n\n<p>\u201c<strong>Su carrera termin\u00f3 antes de poder realmente comenzar.<\/strong>&nbsp;Estamos destrozados por Franco en esta ocasi\u00f3n\u201d, escribieron desde el equipo ingl\u00e9s junto a un emoji de un coraz\u00f3n partido dos fotos que grafican la decepci\u00f3n de Colapinto: una abandonando la pista tras el accidente y otra ya sac\u00e1ndose el casco en los boxes.<\/p>\n\n\n\n<figure class=\"wp-block-image\"><img decoding=\"async\" src=\"https:\/\/tn.com.ar\/resizer\/v2\/el-equipo-ingles-lamento-el-accidente-que-obligo-al-argentino-a-abandonar-foto-xwilliamsracing-XY7VYUGOCVGDLOPCEZXB7DLJUQ.PNG?auth=8b6f8ccda190abe1a3545b3e0a0d2bed340950631e34b38308e7545f0951050f&amp;width=767\" alt=\"El equipo ingl\u00e9s lament\u00f3 el accidente que oblig\u00f3 al argentino a abandonar (Foto: X\/@WilliamsRacing)\"\/><\/figure>\n\n\n\n<p>En la primera curva, segundos despu\u00e9s de la largada, Colapinto sufri\u00f3 un toque de parte del auto de Esteban Ocon (Alpine), que previamente hab\u00eda chocado con&nbsp;<strong>Nico H\u00fclkenberg&nbsp;<\/strong>(Haas). El otro piloto de Williams, Alex Albon, termin\u00f3 15\u00b0 y tampoco pudo sumar puntos.<\/p>\n\n\n\n<p>\u201c<strong>Sin lugar a dudas, este fue un final de temporada muy dif\u00edcil y esta carrera no era lo que quer\u00edamos.&nbsp;<\/strong>Ambos coches sufrieron da\u00f1os en un momento cr\u00edtico en el que simplemente nos quedamos sin repuestos\u201d, coment\u00f3 James Vowles, jefe del equipo, en un mensaje que comparti\u00f3 Williams en sus redes sociales.<\/p>\n\n\n\n<figure class=\"wp-block-image\"><img decoding=\"async\" src=\"https:\/\/tn.com.ar\/resizer\/v2\/vowles-hizo-un-furo-analisis-del-desempeno-de-williams-en-el-gp-de-qatar-foto-reutersevelyn-hockstein-EG7LHXLMTSQRCXAV7NFYTXHNJQ.jpg?auth=91bbc1872ae90f47bc65237cdf747d57e19e98990833b6c6451679d146ee63ff&amp;width=767\" alt=\"Vowles hizo un furo an\u00e1lisis del desempe\u00f1o de Williams en el GP de Qatar (Foto: REUTERS\/Evelyn Hockstein)\"\/><\/figure>\n\n\n\n<p>Y agreg\u00f3: \u201cVolveremos a Abu Dhabi y tendremos dos coches en la parrilla, pero&nbsp;<strong>ser\u00e1 una enorme cantidad de trabajo durante los pr\u00f3ximos d\u00edas para asegurarnos de que volvamos a estar en condiciones de luchar contra los competidores<\/strong>. No somos tan competitivos como lo ser\u00edamos normalmente este fin de semana, lo cual debemos revisar\u201d.<\/p>\n\n\n\n<h2 class=\"wp-block-heading\">Resultados de Franco Colapinto en la F\u00f3rmula 1 en 2024<\/h2>\n\n\n\n<ul class=\"wp-block-list\">\n<li><strong>Italia\u00a0<\/strong>|\u00a0<strong>Monza<\/strong>: 12\u00b0<\/li>\n\n\n\n<li><strong>Azerbaiy\u00e1n<\/strong>\u00a0|\u00a0<strong>Bak\u00fa<\/strong>: 8\u00b0<\/li>\n\n\n\n<li><strong>Singapur\u00a0<\/strong>|\u00a0<strong>Marina Bay<\/strong>: 11\u00b0<\/li>\n\n\n\n<li><strong>Estados Unidos\u00a0<\/strong>|\u00a0<strong>Austin &#8211; Circuito de las Am\u00e9ricas<\/strong>: 10\u00b0<\/li>\n\n\n\n<li><strong>Brasil\u00a0<\/strong>|\u00a0<strong>Sao Paulo<\/strong>: Abandon\u00f3<\/li>\n\n\n\n<li><strong>Estados Unidos\u00a0<\/strong>|\u00a0<strong>Las Vegas<\/strong>: 14\u00b0<\/li>\n\n\n\n<li><strong>Qatar<\/strong>\u00a0|\u00a0<strong>Lusail<\/strong>: Abandon\u00f3.<\/li>\n<\/ul>\n\n\n\n<h2 class=\"wp-block-heading\">Pr\u00f3xima carrera de Franco Colapinto en la F\u00f3rmula 1 en 2024<\/h2>\n\n\n\n<ul class=\"wp-block-list\">\n<li><strong>Abu Dhabi | Yas Marina<\/strong>: 8 de diciembre<\/li>\n<\/ul>\n\n\n\n<h2 class=\"wp-block-heading\">C\u00f3mo ver la carrera de Franco Colapinto en el GP de Abu Dhabi el pr\u00f3ximo domingo<\/h2>\n\n\n\n<p>Se podr\u00e1 ver por&nbsp;<em><strong>Fox Sports<\/strong><\/em>en TV y la plataforma de streaming&nbsp;<em><strong>Disney+<\/strong><\/em>.<\/p>\n\n\n\n<p><\/p>\n","protected":false},"excerpt":{"rendered":"<p>Desde la escuder\u00eda inglesa lamentaron el resultado del argentino. El otro piloto, Alex Albon, termin\u00f3 15\u00b0. Franco Colapinto\u00a0sufri\u00f3 una gran decepci\u00f3n en el\u00a0Gran Premio de Qatar de F\u00f3rmula 1\u00a0ya que&hellip; <\/p>\n","protected":false},"author":8,"featured_media":176640,"comment_status":"closed","ping_status":"open","sticky":false,"template":"","format":"standard","meta":{"footnotes":""},"categories":[4],"tags":[],"class_list":["post-176639","post","type-post","status-publish","format-standard","has-post-thumbnail","hentry","category-deportes"],"_links":{"self":[{"href":"https:\/\/corrientesdetarde.com\/index.php\/wp-json\/wp\/v2\/posts\/176639","targetHints":{"allow":["GET"]}}],"collection":[{"href":"https:\/\/corrientesdetarde.com\/index.php\/wp-json\/wp\/v2\/posts"}],"about":[{"href":"https:\/\/corrientesdetarde.com\/index.php\/wp-json\/wp\/v2\/types\/post"}],"author":[{"embeddable":true,"href":"https:\/\/corrientesdetarde.com\/index.php\/wp-json\/wp\/v2\/users\/8"}],"replies":[{"embeddable":true,"href":"https:\/\/corrientesdetarde.com\/index.php\/wp-json\/wp\/v2\/comments?post=176639"}],"version-history":[{"count":2,"href":"https:\/\/corrientesdetarde.com\/index.php\/wp-json\/wp\/v2\/posts\/176639\/revisions"}],"predecessor-version":[{"id":176645,"href":"https:\/\/corrientesdetarde.com\/index.php\/wp-json\/wp\/v2\/posts\/176639\/revisions\/176645"}],"wp:featuredmedia":[{"embeddable":true,"href":"https:\/\/corrientesdetarde.com\/index.php\/wp-json\/wp\/v2\/media\/176640"}],"wp:attachment":[{"href":"https:\/\/corrientesdetarde.com\/index.php\/wp-json\/wp\/v2\/media?parent=176639"}],"wp:term":[{"taxonomy":"category","embeddable":true,"href":"https:\/\/corrientesdetarde.com\/index.php\/wp-json\/wp\/v2\/categories?post=176639"},{"taxonomy":"post_tag","embeddable":true,"href":"https:\/\/corrientesdetarde.com\/index.php\/wp-json\/wp\/v2\/tags?post=176639"}],"curies":[{"name":"wp","href":"https:\/\/api.w.org\/{rel}","templated":true}]}}