{"id":176646,"date":"2024-12-02T16:07:26","date_gmt":"2024-12-02T19:07:26","guid":{"rendered":"https:\/\/corrientesdetarde.com\/?p=176646"},"modified":"2024-12-02T16:07:31","modified_gmt":"2024-12-02T19:07:31","slug":"la-reactivacion-de-la-guerra-civil-en-siria-elevo-el-temor-de-una-nueva-ola-migratoria-a-europa","status":"publish","type":"post","link":"https:\/\/corrientesdetarde.com\/index.php\/internacionales\/la-reactivacion-de-la-guerra-civil-en-siria-elevo-el-temor-de-una-nueva-ola-migratoria-a-europa\/","title":{"rendered":"La reactivaci\u00f3n de la guerra civil en Siria elev\u00f3 el temor de una nueva ola migratoria a Europa"},"content":{"rendered":"\n<p>Facciones isl\u00e1micas apoyadas por Turqu\u00eda lanzaron una fuerte ofensiva y tomaron la importante ciudad de Alepp.<\/p>\n\n\n\n<p>La inesperada reactivaci\u00f3n de la&nbsp;<strong>guerra civil siria<\/strong>, con combates entre el ej\u00e9rcito regular de&nbsp;<strong>Bashar al Assad<\/strong>&nbsp;y facciones isl\u00e1micas respaldadas por Turqu\u00eda, est\u00e1n creando \u201cel riesgo de un colapso migratorio\u201d y de que \u201cmillones de sirios\u201d vuelvan a desplazarse hacia Europa. Lo alert\u00f3 este domingo el canciller italiano,&nbsp;<strong>Antonio Tajani<\/strong>. \u201cEstamos siguiendo minuto a minuto lo que ocurre en Siria, con los combates en curso\u201d, advirti\u00f3.<\/p>\n\n\n\n<p>El funcionario italiano dijo que el problema es que si contin\u00faa la guerra existe el riesgo de un colapso migratorio y que se repita lo que ocurri\u00f3 hace a\u00f1os, cuando millones de sirios abandonaron el pa\u00eds y se desplazaron hacia L\u00edbano y Europa\u201d.<\/p>\n\n\n\n<p>El grupo islamista Hayat Tahrir al Sham, junto a otras facciones respaldadas por Turqu\u00eda, comenz\u00f3 el mi\u00e9rcoles una fuerte ofensiva y consigui\u00f3 expulsar al ej\u00e9rcito sirio de amplias zonas del norte del pa\u00eds. El gobierno de&nbsp;<strong>Assad es apoyado por Ir\u00e1n y Rusia<\/strong>, que mantienen una fuerte presencia militar en el pa\u00eds, lo que a\u00f1ade un condimento extra al conflicto que amenaza con agravar la turbulenta situaci\u00f3n de Medio Oriente.<\/p>\n\n\n\n<p>Seg\u00fan el Observatorio Sirio de Derechos Humanos, con sede en Londres, la ofensiva yihadista provoc\u00f3 412 v\u00edctimas.<\/p>\n\n\n\n<h2 class=\"wp-block-heading\">Qu\u00e9 est\u00e1 pasando en Siria<\/h2>\n\n\n\n<p>El gobierno de Assad perdi\u00f3 totalmente el control de Alepo, la segunda ciudad del pa\u00eds, por primera vez desde que comenz\u00f3 el conflicto en Siria, en 2011.<\/p>\n\n\n\n<p>El grupo Hayat Tahrir al Sham, exrama siria de Al Qaeda, y otras facciones rebeldes aliadas, \u201ccontrolan la ciudad de Alepo, excepto los barrios dominados por las fuerzas kurdas\u201d, dijo<strong>&nbsp;Rami Abdel Rahman<\/strong>, director del Observatorio Sirio para los Derechos Humanos.<\/p>\n\n\n\n<figure class=\"wp-block-image\"><img decoding=\"async\" src=\"https:\/\/tn.com.ar\/resizer\/v2\/un-combatiente-de-la-oposicion-siria-dispara-al-aire-en-el-centro-de-alepo-siria-el-sabado-30-de-noviembre-de-2024-foto-apghaith-alsayed-OPGOBZCFQFRC2ESTPEROVJGOQE.jpg?auth=6684b3926e50e32aac5a18e1cb67275d7242449c08c2b885f26941e046dfed39&amp;width=767\" alt=\"Un combatiente de la oposici\u00f3n siria dispara al aire en el centro de Alepo, Siria, el s\u00e1bado 30 de noviembre de 2024. (Foto AP\/Ghaith Alsayed)\"\/><\/figure>\n\n\n\n<p>Una coalici\u00f3n de grupos rebeldes dominada por islamistas lanz\u00f3 el mi\u00e9rcoles en el norte de Siria una ofensiva rel\u00e1mpago contra las fuerzas gubernamentales.<\/p>\n\n\n\n<p>En tanto, el ej\u00e9rcito sirio reforz\u00f3 su despliegue cerca de la ciudad de Hama, en el centro del pa\u00eds, otro centro vital para al Assad, que lanz\u00f3 una fuerte advertencia a las fuerzas rebeldes.<\/p>\n\n\n\n<p>\u201cEl terrorismo solo entiende el lenguaje de la fuerza, y es con este lenguaje que lo romperemos y lo eliminaremos, sean cuales sean sus partidarios y sus promotores\u201d, dijo Assad, citado por la agencia de noticias oficial&nbsp;<em>SANA<\/em>.<\/p>\n\n\n\n<h2 class=\"wp-block-heading\">Cu\u00e1les son las claves del conflicto sirio<\/h2>\n\n\n\n<p>La ofensiva liderada por la alianza islamista -integrada por la exfilial de Al Qaeda en Siria, el antiguo Frente al Nusra- cumpli\u00f3 con sus promesas de \u201cliberar\u201d el noroeste del pa\u00eds \u00e1rabe de Al Assad, que es respaldado por Rusia y milicias proiran\u00edes, como\u00a0el grupo Hezbollah, que entr\u00f3 en una tregua de 60 d\u00edas con Israel.<\/p>\n\n\n\n<p>En ese escenario, hay tres puntos claves en el conflicto:<\/p>\n\n\n\n<ul class=\"wp-block-list\">\n<li><strong>Debilidad de Hezbollah<\/strong>. Los rebeldes iniciaron su ofensiva el 27 de noviembre, en coincidencia con la entrada en vigor de la tregua en el L\u00edbano tras poco m\u00e1s de un a\u00f1o de hostilidades entre Israel y Hezbollah, un importante aliado en Siria que se ha visto muy debilitado en los enfrentamientos con el Ej\u00e9rcito israel\u00ed.<\/li>\n\n\n\n<li><strong>El rol de Turqu\u00eda<\/strong>. La provincia de Idlib, controlada por grupos isl\u00e1micos, cuenta tambi\u00e9n con la presencia de las tropas de Ankara que apoyan a los grupos opositores a al Assad, con el que Turqu\u00eda rompi\u00f3 las relaciones al inicio de la guerra civil siria en 2011. El gobierno turco fue el principal se\u00f1alado tras el \u00e9xito de la ofensiva insurgente, pero r\u00e1pidamente se desmarc\u00f3 de su responsabilidad en los combates.<\/li>\n\n\n\n<li><strong>Un avance fulminante<\/strong>. En cuatro d\u00edas, los insurgentes lograron victorias militares impactantes: no solo conquistaron Alepo, sino tambi\u00e9n recuperaron el control de la totalidad de la provincia de Idlib. Incluso se adentraron en el norte de la demarcaci\u00f3n administrativa de Hama, m\u00e1s al sur.<\/li>\n<\/ul>\n","protected":false},"excerpt":{"rendered":"<p>Facciones isl\u00e1micas apoyadas por Turqu\u00eda lanzaron una fuerte ofensiva y tomaron la importante ciudad de Alepp. La inesperada reactivaci\u00f3n de la&nbsp;guerra civil siria, con combates entre el ej\u00e9rcito regular de&nbsp;Bashar&hellip; <\/p>\n","protected":false},"author":8,"featured_media":176647,"comment_status":"closed","ping_status":"open","sticky":false,"template":"","format":"standard","meta":{"footnotes":""},"categories":[11],"tags":[],"class_list":["post-176646","post","type-post","status-publish","format-standard","has-post-thumbnail","hentry","category-internacionales"],"_links":{"self":[{"href":"https:\/\/corrientesdetarde.com\/index.php\/wp-json\/wp\/v2\/posts\/176646","targetHints":{"allow":["GET"]}}],"collection":[{"href":"https:\/\/corrientesdetarde.com\/index.php\/wp-json\/wp\/v2\/posts"}],"about":[{"href":"https:\/\/corrientesdetarde.com\/index.php\/wp-json\/wp\/v2\/types\/post"}],"author":[{"embeddable":true,"href":"https:\/\/corrientesdetarde.com\/index.php\/wp-json\/wp\/v2\/users\/8"}],"replies":[{"embeddable":true,"href":"https:\/\/corrientesdetarde.com\/index.php\/wp-json\/wp\/v2\/comments?post=176646"}],"version-history":[{"count":1,"href":"https:\/\/corrientesdetarde.com\/index.php\/wp-json\/wp\/v2\/posts\/176646\/revisions"}],"predecessor-version":[{"id":176648,"href":"https:\/\/corrientesdetarde.com\/index.php\/wp-json\/wp\/v2\/posts\/176646\/revisions\/176648"}],"wp:featuredmedia":[{"embeddable":true,"href":"https:\/\/corrientesdetarde.com\/index.php\/wp-json\/wp\/v2\/media\/176647"}],"wp:attachment":[{"href":"https:\/\/corrientesdetarde.com\/index.php\/wp-json\/wp\/v2\/media?parent=176646"}],"wp:term":[{"taxonomy":"category","embeddable":true,"href":"https:\/\/corrientesdetarde.com\/index.php\/wp-json\/wp\/v2\/categories?post=176646"},{"taxonomy":"post_tag","embeddable":true,"href":"https:\/\/corrientesdetarde.com\/index.php\/wp-json\/wp\/v2\/tags?post=176646"}],"curies":[{"name":"wp","href":"https:\/\/api.w.org\/{rel}","templated":true}]}}