{"id":176649,"date":"2024-12-02T16:10:06","date_gmt":"2024-12-02T19:10:06","guid":{"rendered":"https:\/\/corrientesdetarde.com\/?p=176649"},"modified":"2024-12-02T16:10:11","modified_gmt":"2024-12-02T19:10:11","slug":"el-jugador-de-la-fiorentina-que-se-desplomo-en-pleno-partido-se-desperto-del-coma-inducido-su-especial-pedido","status":"publish","type":"post","link":"https:\/\/corrientesdetarde.com\/index.php\/deportes\/el-jugador-de-la-fiorentina-que-se-desplomo-en-pleno-partido-se-desperto-del-coma-inducido-su-especial-pedido\/","title":{"rendered":"El jugador de la Fiorentina que se desplom\u00f3 en pleno partido se despert\u00f3 del coma inducido: su especial pedido"},"content":{"rendered":"\n<p>Edoardo Bove se descompuso en el partido ante el Inter, que luego fue suspendido. El nuevo parte m\u00e9dico llev\u00f3 tranquilidad a su familia y los hinchas.<\/p>\n\n\n\n<p>El \u00faltimo parte m\u00e9dico de\u00a0<strong>Edoardo Bove<\/strong>\u00a0indica que\u00a0<strong>est\u00e1 \u201cdespierto, alerta y orientado\u201d<\/strong>, inform\u00f3 este lunes la Fiorentina en las redes sociales, despu\u00e9s de que\u00a0<strong>el futbolista perdiera el conocimiento el domingo durante un partido contra el Inter.<\/strong><\/p>\n\n\n\n<p>\u201cTras pasar una noche tranquila, fue despertado y extubado esta ma\u00f1ana. Actualmente se encuentra despierto, alerta y orientado\u201d, se\u00f1al\u00f3 el club sobre el futbolista, que est\u00e1 siendo atendido en el hospital Careggi de Florencia.<\/p>\n\n\n\n<p>Esta ma\u00f1ana, algunos integrantes de club fueron a visitarlo y salieron de muy buen \u00e1nimo tras haber podido intercambiar algunas palabras. \u201cEstamos mucho m\u00e1s contentos y tranquilos. Hablamos con \u00e9l y&nbsp;<strong>est\u00e1 l\u00facido, alerta, con sus ganas de re\u00edr y bromear.<\/strong>&nbsp;Obviamente, la situaci\u00f3n tiene que seguir bajo control\u201d, dijo Alessandro Ferrari, Director Deportivo del club.<\/p>\n\n\n\n<figure class=\"wp-block-image\"><img decoding=\"async\" src=\"https:\/\/tn.com.ar\/resizer\/v2\/edoardo-bove-de-la-fiorentina-es-rodeado-por-los-jugadores-durante-el-partido-entre-fiorentina-e-inter-de-milan-el-domingo-1-de-diciembre-de-2024-massimo-paolonelapresse-via-ap-LO46HVF3BSJRMVGRDP267MEO2U.jpg?auth=6cbd535f831868b04a05f9ef54c6d87a5b16fbdc565b113cac20d6535f13c490&amp;width=767\" alt=\"Edoardo Bove de la Fiorentina es rodeado por los jugadores durante el partido entre Fiorentina e Inter de Mil\u00e1n, el domingo 1 de diciembre de 2024. (Massimo Paolone\/LaPresse v\u00eda AP)\"\/><\/figure>\n\n\n\n<p>Adem\u00e1s, el dirigente se\u00f1al\u00f3 que Bove hizo una llamada con el equipo, los tranquiliz\u00f3 y les pidi\u00f3 que vuelvan a jugar.<\/p>\n\n\n\n<p>\u201c<strong>Consigui\u00f3 hablar con el equipo y los convenci\u00f3 para jugar el mi\u00e9rcoles<\/strong>, as\u00ed que saldremos al campo porque hay ganas de volver a la rutina r\u00e1pidamente, gracias tambi\u00e9n al entusiasmo que nos ha transmitido Edoardo\u201d, a\u00f1adi\u00f3.<\/p>\n\n\n\n<p>Bove, centrocampista italiano de 22 a\u00f1os,&nbsp;<strong>se derrumb\u00f3 en el campo a los 16 minutos de juego ante el Inter<\/strong>, en medio de convulsiones seg\u00fan las im\u00e1genes que mostr\u00f3 la televisaci\u00f3n del partido.<\/p>\n\n\n\n<figure class=\"wp-block-image\"><img decoding=\"async\" src=\"https:\/\/tn.com.ar\/resizer\/v2\/edoardo-bove-el-futbolista-que-tiene-en-vilo-a-toda-italia-foto-reuters-DHUA2QG3BND4LHDHHOGTGZ37R4.jpg?auth=3c715307313ad987dbee581b4916a4cdad67f59b439fb0f81edf1f31bf5c85a4&amp;width=767\" alt=\"Edoardo Bove, el futbolista que tiene en vilo a toda Italia (Foto: Reuters)\"\/><\/figure>\n\n\n\n<p>\u201cLos primeros ex\u00e1menes cardiol\u00f3gicos y neurol\u00f3gicos permitieron&nbsp;<strong>descartar lesiones graves del sistema nervioso central y del sistema cardiorrespiratorio<\/strong>\u201d, a\u00f1adi\u00f3 el club en un comunicado conjunto con el hospital.<\/p>\n\n\n\n<p>La \u2018Fiore\u2019 se entrenar\u00e1 este lunes con normalidad y el mi\u00e9rcoles jugar\u00e1 ante el Empoli los octavos de final de la Copa Italia, partido que se disputar\u00e1 en el Estadio Artemio Franchi de Florencia en el que Bove sufri\u00f3 el colapso.<\/p>\n\n\n\n<p><\/p>\n","protected":false},"excerpt":{"rendered":"<p>Edoardo Bove se descompuso en el partido ante el Inter, que luego fue suspendido. El nuevo parte m\u00e9dico llev\u00f3 tranquilidad a su familia y los hinchas. El \u00faltimo parte m\u00e9dico&hellip; <\/p>\n","protected":false},"author":8,"featured_media":176650,"comment_status":"closed","ping_status":"open","sticky":false,"template":"","format":"standard","meta":{"footnotes":""},"categories":[4],"tags":[],"class_list":["post-176649","post","type-post","status-publish","format-standard","has-post-thumbnail","hentry","category-deportes"],"_links":{"self":[{"href":"https:\/\/corrientesdetarde.com\/index.php\/wp-json\/wp\/v2\/posts\/176649","targetHints":{"allow":["GET"]}}],"collection":[{"href":"https:\/\/corrientesdetarde.com\/index.php\/wp-json\/wp\/v2\/posts"}],"about":[{"href":"https:\/\/corrientesdetarde.com\/index.php\/wp-json\/wp\/v2\/types\/post"}],"author":[{"embeddable":true,"href":"https:\/\/corrientesdetarde.com\/index.php\/wp-json\/wp\/v2\/users\/8"}],"replies":[{"embeddable":true,"href":"https:\/\/corrientesdetarde.com\/index.php\/wp-json\/wp\/v2\/comments?post=176649"}],"version-history":[{"count":1,"href":"https:\/\/corrientesdetarde.com\/index.php\/wp-json\/wp\/v2\/posts\/176649\/revisions"}],"predecessor-version":[{"id":176651,"href":"https:\/\/corrientesdetarde.com\/index.php\/wp-json\/wp\/v2\/posts\/176649\/revisions\/176651"}],"wp:featuredmedia":[{"embeddable":true,"href":"https:\/\/corrientesdetarde.com\/index.php\/wp-json\/wp\/v2\/media\/176650"}],"wp:attachment":[{"href":"https:\/\/corrientesdetarde.com\/index.php\/wp-json\/wp\/v2\/media?parent=176649"}],"wp:term":[{"taxonomy":"category","embeddable":true,"href":"https:\/\/corrientesdetarde.com\/index.php\/wp-json\/wp\/v2\/categories?post=176649"},{"taxonomy":"post_tag","embeddable":true,"href":"https:\/\/corrientesdetarde.com\/index.php\/wp-json\/wp\/v2\/tags?post=176649"}],"curies":[{"name":"wp","href":"https:\/\/api.w.org\/{rel}","templated":true}]}}