{"id":176779,"date":"2024-12-03T08:30:34","date_gmt":"2024-12-03T11:30:34","guid":{"rendered":"https:\/\/corrientesdetarde.com\/?p=176779"},"modified":"2024-12-03T08:30:45","modified_gmt":"2024-12-03T11:30:45","slug":"corrientes-consolida-el-concepto-de-carnaval-barrial-sustentable","status":"publish","type":"post","link":"https:\/\/corrientesdetarde.com\/index.php\/eventos\/corrientes-consolida-el-concepto-de-carnaval-barrial-sustentable\/","title":{"rendered":"Corrientes consolida el concepto de Carnaval Barrial Sustentable"},"content":{"rendered":"\n<p>Nunca antes, el Carnaval correntino tuvo tantos talleres y actividades de capacitaci\u00f3n como los que ofreci\u00f3 este a\u00f1o la Municipalidad de Corrientes, que el s\u00e1bado pasado realiz\u00f3 otro encuentro, esta vez para aprender a elaborar plumas artificiales en la Sociedad Italiana. &#8220;Seguimos trabajando en esta l\u00ednea de tener un carnaval sustentable&#8221;, expres\u00f3 Jos\u00e9 Sand, secretario de Cultura y Educaci\u00f3n.<\/p>\n\n\n\n<p><\/p>\n\n\n\n<p>Durante todo el 2024, dicha Secretar\u00eda municipal, a cargo de la organizaci\u00f3n de los Carnavales Barriales, ofreci\u00f3 distintas capacitaciones en temas como dise\u00f1o, confecci\u00f3n, percusi\u00f3n, vestuarios (estructuras y casquetes), materiales reciclables, entre otros. Tambi\u00e9n, propuso actividades variadas de difusi\u00f3n y promoci\u00f3n de carnaval, pero tambi\u00e9n espect\u00e1culos gratuitos en todos los barrios de la ciudad; adem\u00e1s de capacitaci\u00f3n y concursos de samba (a cargo de cuatro referentes de R\u00edo de Janeiro), shows de bater\u00edas y presentaci\u00f3n de los temas de cada una de las instituciones, entre otros.<\/p>\n\n\n\n<p>A la par de los preparativos para la pr\u00f3xima edici\u00f3n, este fin de semana, m\u00e1s de 50 personas participaron en un taller de plumas artificiales. La actividad busca promover un carnaval sustentable y accesible, reutilizando materiales reciclados como botellas pl\u00e1sticas para confeccionar elementos de alta calidad visual y bajo costo.<\/p>\n\n\n\n<p>Sand subray\u00f3 la importancia de estas iniciativas: &#8220;Este s\u00e1bado realizamos un taller que tiene que ver con plumas artificiales. Todos los materiales que se est\u00e1n utilizando en esta t\u00e9cnica son reciclados: de bajo costo, duraderos, pero sobre todas las cosas, de primer nivel&#8221;. Esto aporta a mejorar el espect\u00e1culo del carnaval de la ciudad y consolida el concepto de la fiesta popular, familiar e inclusiva que atrae a vecinos y turistas.<\/p>\n\n\n\n<p>Adem\u00e1s, los Carnavales Barriales no solo son una expresi\u00f3n art\u00edstica, sino que tambi\u00e9n es el espect\u00e1culo carnestolendo con m\u00e1s instituciones en todo el pa\u00eds. Sumado a ello, la celebraci\u00f3n es un espacio de convivencia y disfrute, que une a vecinos y visitantes; por lo tanto, Sand enfatiz\u00f3 que estas acciones no solo benefician a los comparseros capitalinos: &#8220;Cada vez son m\u00e1s los participantes que se suman a esta idea y hasta nos acompa\u00f1an personas de localidades vecinas, compartiendo estas t\u00e9cnicas con nosotros&#8221;.<\/p>\n\n\n\n<p>Asimismo, adelant\u00f3 c\u00f3mo se prepara esta pr\u00f3xima edici\u00f3n y destac\u00f3: &#8220;Venimos trabajando con varias acciones para capacitar a comparseros, directores y talleristas, brind\u00e1ndoles herramientas que jerarquicen nuestro carnaval. Este taller es una muestra de c\u00f3mo podemos transformar desechos en creaciones incre\u00edbles, como estas plumas que imitan las naturales, pero son 100% recicladas&#8221;. Desde la log\u00edstica hasta los detalles est\u00e9ticos, como los trajes y carros de sonido, todo est\u00e1 siendo cuidadosamente planificado para la edici\u00f3n 2025. Al respecto, Sand agreg\u00f3: &#8220;El acompa\u00f1amiento de la comunidad es fundamental. Cada vez son m\u00e1s los que se unen a esta iniciativa de un carnaval amigable con el medio ambiente, con un brillo especial que refleja el esfuerzo de todos&#8221;.<\/p>\n","protected":false},"excerpt":{"rendered":"<p>Nunca antes, el Carnaval correntino tuvo tantos talleres y actividades de capacitaci\u00f3n como los que ofreci\u00f3 este a\u00f1o la Municipalidad de Corrientes, que el s\u00e1bado pasado realiz\u00f3 otro encuentro, esta&hellip; <\/p>\n","protected":false},"author":1,"featured_media":176782,"comment_status":"closed","ping_status":"open","sticky":false,"template":"","format":"standard","meta":{"footnotes":""},"categories":[22],"tags":[],"class_list":["post-176779","post","type-post","status-publish","format-standard","has-post-thumbnail","hentry","category-eventos"],"_links":{"self":[{"href":"https:\/\/corrientesdetarde.com\/index.php\/wp-json\/wp\/v2\/posts\/176779","targetHints":{"allow":["GET"]}}],"collection":[{"href":"https:\/\/corrientesdetarde.com\/index.php\/wp-json\/wp\/v2\/posts"}],"about":[{"href":"https:\/\/corrientesdetarde.com\/index.php\/wp-json\/wp\/v2\/types\/post"}],"author":[{"embeddable":true,"href":"https:\/\/corrientesdetarde.com\/index.php\/wp-json\/wp\/v2\/users\/1"}],"replies":[{"embeddable":true,"href":"https:\/\/corrientesdetarde.com\/index.php\/wp-json\/wp\/v2\/comments?post=176779"}],"version-history":[{"count":1,"href":"https:\/\/corrientesdetarde.com\/index.php\/wp-json\/wp\/v2\/posts\/176779\/revisions"}],"predecessor-version":[{"id":176783,"href":"https:\/\/corrientesdetarde.com\/index.php\/wp-json\/wp\/v2\/posts\/176779\/revisions\/176783"}],"wp:featuredmedia":[{"embeddable":true,"href":"https:\/\/corrientesdetarde.com\/index.php\/wp-json\/wp\/v2\/media\/176782"}],"wp:attachment":[{"href":"https:\/\/corrientesdetarde.com\/index.php\/wp-json\/wp\/v2\/media?parent=176779"}],"wp:term":[{"taxonomy":"category","embeddable":true,"href":"https:\/\/corrientesdetarde.com\/index.php\/wp-json\/wp\/v2\/categories?post=176779"},{"taxonomy":"post_tag","embeddable":true,"href":"https:\/\/corrientesdetarde.com\/index.php\/wp-json\/wp\/v2\/tags?post=176779"}],"curies":[{"name":"wp","href":"https:\/\/api.w.org\/{rel}","templated":true}]}}