{"id":176785,"date":"2024-12-03T08:41:57","date_gmt":"2024-12-03T11:41:57","guid":{"rendered":"https:\/\/corrientesdetarde.com\/?p=176785"},"modified":"2024-12-03T08:42:09","modified_gmt":"2024-12-03T11:42:09","slug":"a-traves-de-la-gestion-municipal-mas-de-200-jovenes-de-la-capital-se-capacitaron-en-liderazgo-y-oficios","status":"publish","type":"post","link":"https:\/\/corrientesdetarde.com\/index.php\/eventossociedad\/a-traves-de-la-gestion-municipal-mas-de-200-jovenes-de-la-capital-se-capacitaron-en-liderazgo-y-oficios\/","title":{"rendered":"A trav\u00e9s de la gesti\u00f3n municipal, m\u00e1s de 200 j\u00f3venes de la Capital se capacitaron en liderazgo y oficios"},"content":{"rendered":"\n<p><em>El intendente encabez\u00f3 el acto de entrega de certificados realizado en la tarde de este lunes. El objetivo principal de estas acciones, en conjunto con la UNNE y la Oficina de Empleo, es promover el ingreso al mundo laboral y que j\u00f3venes elijan emprender y desarrollarse en la ciudad.\u00a0<\/em><\/p>\n\n\n\n<figure class=\"wp-block-image size-large\"><img loading=\"lazy\" decoding=\"async\" width=\"1024\" height=\"682\" src=\"https:\/\/corrientesdetarde.com\/wp-content\/uploads\/2024\/12\/image-142-1024x682.png\" alt=\"\" class=\"wp-image-176792\" srcset=\"https:\/\/corrientesdetarde.com\/wp-content\/uploads\/2024\/12\/image-142-1024x682.png 1024w, https:\/\/corrientesdetarde.com\/wp-content\/uploads\/2024\/12\/image-142-300x200.png 300w, https:\/\/corrientesdetarde.com\/wp-content\/uploads\/2024\/12\/image-142-768x512.png 768w, https:\/\/corrientesdetarde.com\/wp-content\/uploads\/2024\/12\/image-142.png 1280w\" sizes=\"auto, (max-width: 1024px) 100vw, 1024px\" \/><\/figure>\n\n\n\n<p><\/p>\n\n\n\n<figure class=\"wp-block-image size-large\"><img loading=\"lazy\" decoding=\"async\" width=\"1024\" height=\"682\" src=\"https:\/\/corrientesdetarde.com\/wp-content\/uploads\/2024\/12\/image-143-1024x682.png\" alt=\"\" class=\"wp-image-176793\" srcset=\"https:\/\/corrientesdetarde.com\/wp-content\/uploads\/2024\/12\/image-143-1024x682.png 1024w, https:\/\/corrientesdetarde.com\/wp-content\/uploads\/2024\/12\/image-143-300x200.png 300w, https:\/\/corrientesdetarde.com\/wp-content\/uploads\/2024\/12\/image-143-768x512.png 768w, https:\/\/corrientesdetarde.com\/wp-content\/uploads\/2024\/12\/image-143.png 1280w\" sizes=\"auto, (max-width: 1024px) 100vw, 1024px\" \/><\/figure>\n\n\n\n<p><\/p>\n\n\n\n<figure class=\"wp-block-image size-large\"><img loading=\"lazy\" decoding=\"async\" width=\"1024\" height=\"682\" src=\"https:\/\/corrientesdetarde.com\/wp-content\/uploads\/2024\/12\/image-144-1024x682.png\" alt=\"\" class=\"wp-image-176794\" srcset=\"https:\/\/corrientesdetarde.com\/wp-content\/uploads\/2024\/12\/image-144-1024x682.png 1024w, https:\/\/corrientesdetarde.com\/wp-content\/uploads\/2024\/12\/image-144-300x200.png 300w, https:\/\/corrientesdetarde.com\/wp-content\/uploads\/2024\/12\/image-144-768x512.png 768w, https:\/\/corrientesdetarde.com\/wp-content\/uploads\/2024\/12\/image-144.png 1280w\" sizes=\"auto, (max-width: 1024px) 100vw, 1024px\" \/><\/figure>\n\n\n\n<p><\/p>\n\n\n\n<figure class=\"wp-block-image size-large\"><img loading=\"lazy\" decoding=\"async\" width=\"1024\" height=\"682\" src=\"https:\/\/corrientesdetarde.com\/wp-content\/uploads\/2024\/12\/image-145-1024x682.png\" alt=\"\" class=\"wp-image-176795\" srcset=\"https:\/\/corrientesdetarde.com\/wp-content\/uploads\/2024\/12\/image-145-1024x682.png 1024w, https:\/\/corrientesdetarde.com\/wp-content\/uploads\/2024\/12\/image-145-300x200.png 300w, https:\/\/corrientesdetarde.com\/wp-content\/uploads\/2024\/12\/image-145-768x512.png 768w, https:\/\/corrientesdetarde.com\/wp-content\/uploads\/2024\/12\/image-145.png 1280w\" sizes=\"auto, (max-width: 1024px) 100vw, 1024px\" \/><\/figure>\n\n\n\n<p><\/p>\n\n\n\n<p><\/p>\n\n\n\n<p>&nbsp;<br>En la sede de la Sociedad Espa\u00f1ola, m\u00e1s de 200 j\u00f3venes recibieron los certificados de finalizaci\u00f3n de las capacitaciones realizadas a lo largo de este a\u00f1o. La iniciativa surge de la Municipalidad de Corrientes, con el fin de brindar herramientas a la comunidad para acceder al mercado laboral y adem\u00e1s que puedan aportar los conocimientos obtenidos al desarrollo de la ciudad.&nbsp;<br><br>\u201cNuestra aspiraci\u00f3n es que la gente de Corrientes se quede a desarrollarse en el lugar donde nacieron\u201d, remarc\u00f3 el intendente Eduardo Tassano durante la actividad. En la oportunidad, recibieron sus diplomas m\u00e1s de 200 j\u00f3venes que culminaron con \u00e9xito la Diplomatura en Liderazgo Comunitario dictada por la UNNE, gracias a una gesti\u00f3n conjunta con el programa \u201cLa Muni Con Vos\u201d y los cursos de Barber\u00eda, Gastronom\u00eda, Plantas Ornamentales y Reciclado llevados adelante por la Oficina de Empleo de la Municipalidad.&nbsp;<br><br>En este marco, el intendente valor\u00f3 la colaboraci\u00f3n de todas las entidades que se han sumado a llevar adelante este tipo de actividades. \u201cEsto es parte de nuestro programa de inserci\u00f3n laboral, desde donde buscamos oficios y trabajos que se necesiten en la ciudad para darle salida laboral a nuestra gente\u201d, expres\u00f3 el jefe comunal. Por \u00faltimo, invit\u00f3 a toda la comunidad a conocer esta propuesta y las capacitaciones disponibles en la p\u00e1gina oficial de la Municipalidad.&nbsp;<br><br>CIUDAD DE OPORTUNIDADES&nbsp;<br>Durante el acto, el coordinador de actividades territoriales del programa \u201cLa Muni Con Vos\u201d, \u00c1ngel Valmaggia, dio m\u00e1s detalles sobre esta propuesta que se llev\u00f3 adelante en 25 asentamientos de la ciudad. \u201cCreemos que todos deben tener la oportunidad de emprender y conseguir empleo de buena calidad\u201d, asegur\u00f3 el funcionario.&nbsp;<br><br>A su vez, anticip\u00f3 \u201cqueremos hacer muchas m\u00e1s capacitaciones. Pensamos que el a\u00f1o que viene vamos a duplicar la cantidad de lugares a los que llegamos y ampliar el tipo de formaci\u00f3n de la que ya tenemos. Hay un compromiso de la Universidad y del intendente de seguir financiando estas acciones para estar m\u00e1s presentes en los barrios\u201d.&nbsp;<br><br>Por su parte, Sixta Ramona Navarro, vecina del asentamiento Pirayu\u00ed, agradeci\u00f3 la oportunidad de poder formarse. Tras recibir su diploma de aprobaci\u00f3n del curso de plantas ornamentales, destac\u00f3: \u201cLa verdad fue muy lindo. La pasamos muy bien, recomiendo a otros vecinos que lo hagan\u201d.<\/p>\n","protected":false},"excerpt":{"rendered":"<p>El intendente encabez\u00f3 el acto de entrega de certificados realizado en la tarde de este lunes. El objetivo principal de estas acciones, en conjunto con la UNNE y la Oficina&hellip; <\/p>\n","protected":false},"author":1,"featured_media":176796,"comment_status":"closed","ping_status":"open","sticky":false,"template":"","format":"standard","meta":{"footnotes":""},"categories":[1208],"tags":[],"class_list":["post-176785","post","type-post","status-publish","format-standard","has-post-thumbnail","hentry","category-eventossociedad"],"_links":{"self":[{"href":"https:\/\/corrientesdetarde.com\/index.php\/wp-json\/wp\/v2\/posts\/176785","targetHints":{"allow":["GET"]}}],"collection":[{"href":"https:\/\/corrientesdetarde.com\/index.php\/wp-json\/wp\/v2\/posts"}],"about":[{"href":"https:\/\/corrientesdetarde.com\/index.php\/wp-json\/wp\/v2\/types\/post"}],"author":[{"embeddable":true,"href":"https:\/\/corrientesdetarde.com\/index.php\/wp-json\/wp\/v2\/users\/1"}],"replies":[{"embeddable":true,"href":"https:\/\/corrientesdetarde.com\/index.php\/wp-json\/wp\/v2\/comments?post=176785"}],"version-history":[{"count":1,"href":"https:\/\/corrientesdetarde.com\/index.php\/wp-json\/wp\/v2\/posts\/176785\/revisions"}],"predecessor-version":[{"id":176797,"href":"https:\/\/corrientesdetarde.com\/index.php\/wp-json\/wp\/v2\/posts\/176785\/revisions\/176797"}],"wp:featuredmedia":[{"embeddable":true,"href":"https:\/\/corrientesdetarde.com\/index.php\/wp-json\/wp\/v2\/media\/176796"}],"wp:attachment":[{"href":"https:\/\/corrientesdetarde.com\/index.php\/wp-json\/wp\/v2\/media?parent=176785"}],"wp:term":[{"taxonomy":"category","embeddable":true,"href":"https:\/\/corrientesdetarde.com\/index.php\/wp-json\/wp\/v2\/categories?post=176785"},{"taxonomy":"post_tag","embeddable":true,"href":"https:\/\/corrientesdetarde.com\/index.php\/wp-json\/wp\/v2\/tags?post=176785"}],"curies":[{"name":"wp","href":"https:\/\/api.w.org\/{rel}","templated":true}]}}