{"id":176786,"date":"2024-12-03T08:39:43","date_gmt":"2024-12-03T11:39:43","guid":{"rendered":"https:\/\/corrientesdetarde.com\/?p=176786"},"modified":"2024-12-03T08:39:55","modified_gmt":"2024-12-03T11:39:55","slug":"dia-del-medico-10-lecciones-esenciales-del-doctor-rene-favaloro","status":"publish","type":"post","link":"https:\/\/corrientesdetarde.com\/index.php\/informacion-general\/dia-del-medico-10-lecciones-esenciales-del-doctor-rene-favaloro\/","title":{"rendered":"D\u00eda del M\u00e9dico: 10 lecciones esenciales del doctor Ren\u00e9 Favaloro"},"content":{"rendered":"\n<p>Cada 3 de diciembre se conmemora el\u00a0<strong>D\u00eda del M\u00e9dico<\/strong>, una fecha dedicada a honrar la labor incansable de quienes dedican su vida al cuidado de la salud.<\/p>\n\n\n\n<p><a href=\"https:\/\/www.infobae.com\/salud\/2024\/12\/03\/salud-mental-psiquiatria-y-neurociencias-como-cambio-el-paradigma-en-la-medicina-actual\/\" target=\"_blank\" rel=\"noreferrer noopener\"><\/a><\/p>\n\n\n\n<figure class=\"wp-block-image\"><a href=\"https:\/\/www.infobae.com\/salud\/2024\/12\/03\/salud-mental-psiquiatria-y-neurociencias-como-cambio-el-paradigma-en-la-medicina-actual\/\" target=\"_blank\" rel=\"noreferrer noopener\"><img decoding=\"async\" src=\"https:\/\/www.infobae.com\/resizer\/v2\/FJOUVEMNJVFXBOILWQFHZ6CIVU.jpg?auth=8eca93e97daab82b8c9b7f1ecf2042ea68148b8da6cbd06b7ba04aee54114696&amp;smart=true&amp;width=1200&amp;height=675&amp;quality=85\" alt=\"Salud mental, psiquiatr\u00eda y neurociencias: c\u00f3mo cambi\u00f3 el paradigma en la medicina actual\"\/><\/a><\/figure>\n\n\n\n<p>Esta celebraci\u00f3n tiene sus ra\u00edces en el natalicio del m\u00e9dico cubano&nbsp;<strong>Carlos Juan Finlay Barr\u00e9s<\/strong>, quien en 1833 marc\u00f3 un hito en la medicina mundial al identificar al mosquito<em><strong>&nbsp;Aedes aegypti<\/strong><\/em>&nbsp;como el transmisor de la&nbsp;<strong>fiebre amarilla<\/strong>. Este descubrimiento no solo salv\u00f3 miles de vidas en Am\u00e9rica Latina, sino que tambi\u00e9n estableci\u00f3 un precedente en la importancia de la investigaci\u00f3n cient\u00edfica para el control de enfermedades epid\u00e9micas.<\/p>\n\n\n\n<p>En este marco, el legado del cardi\u00f3logo argentino\u00a0<strong>Ren\u00e9 Favaloro<\/strong> cobra un significado especial, al recordar que la\u00a0<strong>prevenci\u00f3n<\/strong>, la\u00a0<strong>\u00e9tica y el compromiso social<\/strong>\u00a0son pilares fundamentales de la medicina moderna.<\/p>\n\n\n\n<p><a href=\"https:\/\/www.infobae.com\/salud\/2024\/12\/03\/adios-al-papel-como-funcionara-la-receta-electronica-en-argentina-a-partir-de-2025\/\" target=\"_blank\" rel=\"noreferrer noopener\"><\/a><\/p>\n\n\n\n<figure class=\"wp-block-image\"><a href=\"https:\/\/www.infobae.com\/salud\/2024\/12\/03\/adios-al-papel-como-funcionara-la-receta-electronica-en-argentina-a-partir-de-2025\/\" target=\"_blank\" rel=\"noreferrer noopener\"><img decoding=\"async\" src=\"https:\/\/www.infobae.com\/resizer\/v2\/4FDFL2DNLZAQXIHDQAEI7ADPLE.jpg?auth=29035b4cd8e4c0943ae36eca09d4184a0930bea490ca059f592c5f4eef06ffce&amp;smart=true&amp;width=1200&amp;height=675&amp;quality=85\" alt=\"Adi\u00f3s al papel: c\u00f3mo funcionar\u00e1 la receta electr\u00f3nica en Argentina a partir de 2025\"\/><\/a><\/figure>\n\n\n\n<p>Favaloro, al igual que Finlay Barr\u00e9s, dej\u00f3 una marca indeleble en la historia de la medicina al\u00a0<strong>desarrollar y estandarizar el bypass coronario<\/strong>, una t\u00e9cnica quir\u00fargica que salv\u00f3 millones de vidas en todo el mundo. Pero su legado va mucho m\u00e1s all\u00e1 de los avances t\u00e9cnicos. Favaloro insisti\u00f3 en la necesidad de democratizar los\u00a0<strong>beneficios de los progresos m\u00e9dicos<\/strong>, asegurando que la ciencia estuviera al servicio de toda la humanidad, y no \u00fanicamente de las \u00e9lites.<\/p>\n\n\n\n<p>En honor al descubridor del mosquito Aedes aegypti como transmisor de la fiebre amarilla, se celebra cada 3 de diciembre el D\u00eda del M\u00e9dico (Imagen Ilustrativa Infobae)<\/p>\n\n\n\n<p>Su \u00e9nfasis en la&nbsp;<strong>prevenci\u00f3n de enfermedades cardiovasculares<\/strong>, su llamado a reducir las desigualdades en salud y su \u00e9tica inquebrantable hacen eco en una \u00e9poca donde los desaf\u00edos de la salud p\u00fablica siguen siendo numerosos.<\/p>\n\n\n\n<p><a href=\"https:\/\/www.infobae.com\/salud\/2024\/12\/02\/fumador-o-ex-fumador-aqui-hay-4-cosas-clave-que-debe-saber\/\" target=\"_blank\" rel=\"noreferrer noopener\"><\/a><\/p>\n\n\n\n<figure class=\"wp-block-image\"><a href=\"https:\/\/www.infobae.com\/salud\/2024\/12\/02\/fumador-o-ex-fumador-aqui-hay-4-cosas-clave-que-debe-saber\/\" target=\"_blank\" rel=\"noreferrer noopener\"><img decoding=\"async\" src=\"https:\/\/www.infobae.com\/resizer\/v2\/QOTG2CWBGBETJDCNYJPYZXKMZI.jpg?auth=e06f9c50cbeda5aa3a3b8946cf6d81ff94fdca0610bea4736c4eec79082a3080&amp;smart=true&amp;width=1200&amp;height=675&amp;quality=85\" alt=\"\u00bfFumador o ex fumador? Cuatro acciones para prevenir el c\u00e1ncer de pulm\u00f3n\"\/><\/a><\/figure>\n\n\n\n<p>Este d\u00eda no s\u00f3lo es una oportunidad para<strong>&nbsp;rendir homenaje a los m\u00e9dicos del pasado y del presente<\/strong>, sino tambi\u00e9n para reflexionar sobre c\u00f3mo sus ense\u00f1anzas pueden guiarnos hacia un futuro en el que la salud sea un derecho universal, accesible y sostenido por los valores \u00e9ticos m\u00e1s elevados.<\/p>\n\n\n\n<h2 class=\"wp-block-heading\">10 lecciones de Favaloro sobre la salud, la medicina y la sociedad<\/h2>\n\n\n\n<p><img loading=\"lazy\" decoding=\"async\" alt=\"Ren\u00e9 Favaloro cre\u00f3 el bypass coronario y abog\u00f3 por una medicina centrada en la \u00e9tica y la prevenci\u00f3n (Fundaci\u00f3n Favaloro)\" height=\"1080\" src=\"https:\/\/www.infobae.com\/resizer\/v2\/65J5LEWM3VCFPEUQXSV6O2P4DM.jpg?auth=5067c23f822377ce6349832f8fe6d64f74c53d0ae84c21d3a53ae9c33f67e37f&amp;smart=true&amp;width=350&amp;height=197&amp;quality=85\" width=\"1920\">Ren\u00e9 Favaloro cre\u00f3 el bypass coronario y abog\u00f3 por una medicina centrada en la \u00e9tica y la prevenci\u00f3n (Fundaci\u00f3n Favaloro)<\/p>\n\n\n\n<h3 class=\"wp-block-heading\">1- La ciencia como un acto espiritual<\/h3>\n\n\n\n<p>\u201cLa ciencia es una de las formas m\u00e1s elevadas del quehacer espiritual, pues est\u00e1 ligada a la&nbsp;<strong>actividad creadora del intelecto<\/strong>,<strong>&nbsp;forma suprema de nuestra condici\u00f3n humana<\/strong>\u201d, seg\u00fan sus declaraciones en una Conferencia en la Universidad de Tel Aviv, 1995.<\/p>\n\n\n\n<h3 class=\"wp-block-heading\">2- La medicina debe ser accesible a todos<\/h3>\n\n\n\n<p>\u201cLos progresos de la medicina y de la bioingenier\u00eda podr\u00e1n considerarse verdaderos logros para la humanidad&nbsp;<strong>cuando todas las personas tengan acceso&nbsp;<\/strong>a sus beneficios y dejen de ser un privilegio para las minor\u00edas\u201d, dijo el cardi\u00f3logo en el Congreso de Bioingenier\u00eda que se desarroll\u00f3 en Buenos Aires, en 1999.<\/p>\n\n\n\n<h3 class=\"wp-block-heading\">3- El rol primordial de la prevenci\u00f3n<\/h3>\n\n\n\n<p>En su disertaci\u00f3n en la Conferencia del Congreso Interamericano de Cardiolog\u00eda, en agosto de 1999, Favaloro destac\u00f3 que \u201c<strong>la prevenci\u00f3n y el control de enfermedades&nbsp;<\/strong>son fundamentales para la mejora continua de la salud de la poblaci\u00f3n. Para ello se deben tomar medidas destinadas a producir cambios en el nivel de vida de las poblaciones marginadas y<strong>&nbsp;eliminar las desigualdades evitables<\/strong>&nbsp;e injustas en t\u00e9rminos de salud y bienestar individual y colectivo, demanda persistente y creciente de las sociedades latinoamericanas\u201d.<img loading=\"lazy\" decoding=\"async\" alt=\"Favaloro ense\u00f1\u00f3 que la prevenci\u00f3n es tan importante como el tratamiento, y que la \u00e9tica debe guiar cada decisi\u00f3n m\u00e9dica (Imagen ilustrativa Infobae)\" height=\"816\" src=\"https:\/\/www.infobae.com\/resizer\/v2\/RHVDURL565A2TBB6OF7VRBBCNA.png?auth=fda380ba7525d95c38ade61c0bdff59b4f86d1cfe183d06e1bebab943c2a9d60&amp;smart=true&amp;width=350&amp;height=197&amp;quality=85\" width=\"1456\">Favaloro ense\u00f1\u00f3 que la prevenci\u00f3n es tan importante como el tratamiento, y que la \u00e9tica debe guiar cada decisi\u00f3n m\u00e9dica (Imagen ilustrativa Infobae)<\/p>\n\n\n\n<h3 class=\"wp-block-heading\">4- El respeto y la \u00e9tica en la medicina<\/h3>\n\n\n\n<p>Para el cardi\u00f3logo argentino, en el ejercicio de la medicina<strong>, el respeto por el paciente y la \u00e9tica deb\u00edan estar siempre presentes<\/strong>. As\u00ed lo hizo saber en el Congreso de Bioingenier\u00eda, en 1999: \u201cEn cada acto m\u00e9dico debe estar presente&nbsp;<strong>el respeto por el paciente y los conceptos \u00e9ticos y morales<\/strong>; entonces la ciencia y la conciencia estar\u00e1n siempre del mismo lado, del lado de la humanidad\u201d.<\/p>\n\n\n\n<h3 class=\"wp-block-heading\">5- El compromiso social en la medicina<\/h3>\n\n\n\n<p>En su mensaje a los estudiantes reunidos en Glacier Park Lodge, Montana, Estados Unidos, en 1993, Favaloro cit\u00f3 una frase de su libro&nbsp;<em>Don Pedro y la educaci\u00f3n<\/em>: \u201cDebemos<strong>&nbsp;trabajar, trabajar y trabajar con pasi\u00f3n.<\/strong>&nbsp;Siempre habr\u00e1 tiempo para el ocio fecundo, en beneficio de todos. Hemos de esforzarnos para mejorarnos individualmente, pero entendiendo que<strong>&nbsp;formamos parte de una sociedad<\/strong>&nbsp;que demanda nuestra participaci\u00f3n. Cuanto m\u00e1s destacada sea nuestra posici\u00f3n individual,&nbsp;<strong>m\u00e1s grande ser\u00e1 nuestro compromiso social<\/strong>. Hay que aprender a no marearse con las alturas de la monta\u00f1a. En la monta\u00f1a de la vida nunca se alcanza la cumbre\u201d.<\/p>\n\n\n\n<h3 class=\"wp-block-heading\">6- El derecho a la salud<\/h3>\n\n\n\n<p>Favaloro insist\u00eda en que la salud deb\u00eda ser entendida no solo desde un punto de vista f\u00edsico, sino tambi\u00e9n como parte de un todo que<strong>&nbsp;incluye la educaci\u00f3n, la justicia social y la equidad<\/strong>. \u201cEs imprescindible organizar la cooperaci\u00f3n internacional entre los pa\u00edses desarrollados y en desarrollo y luchar todos juntos por una sociedad mejor, con mayor equidad y justicia social, que haga posible respetar y defender -junto con las dem\u00e1s conquistas sociales<strong>&#8211; el derecho inalienable del hombre a gozar de buena salud<\/strong>\u201d, dijo el recordado cardi\u00f3logo en 1999, en la Conferencia Internacional sobre la Salud del Coraz\u00f3n en los Pa\u00edses en Desarrollo, en Nueva Delhi, India.<img loading=\"lazy\" decoding=\"async\" alt=\"Ren\u00e9 Favaloro no solo transform\u00f3 la medicina con su enfoque quir\u00fargico, sino que tambi\u00e9n dej\u00f3 claro que la salud integral de los pacientes est\u00e1 directamente vinculada con el entorno (Imagen ilustrativa Infobae)\" height=\"816\" src=\"https:\/\/www.infobae.com\/resizer\/v2\/J6X5QQJ245CK7CFADADCMOZ6TE.jpg?auth=577e414b0cb9b3f9e1ae5f983e5773daac9f4b3e7f58d30f7fe2f83618e7fac8&amp;smart=true&amp;width=350&amp;height=197&amp;quality=85\" width=\"1456\">Ren\u00e9 Favaloro no solo transform\u00f3 la medicina con su enfoque quir\u00fargico, sino que tambi\u00e9n dej\u00f3 claro que la salud integral de los pacientes est\u00e1 directamente vinculada con el entorno (Imagen ilustrativa Infobae)<\/p>\n\n\n\n<h3 class=\"wp-block-heading\">7- La importancia de dar el ejemplo<\/h3>\n\n\n\n<p>Seg\u00fan Favaloro, cada acci\u00f3n diaria, cada interacci\u00f3n, es una oportunidad para ense\u00f1ar. \u201cDebe entenderse que&nbsp;<strong>todos somos educadores<\/strong>. Cada acto de nuestra vida cotidiana tiene implicancias, a veces significativas.&nbsp;<strong>Procuremos entonces ense\u00f1ar con el ejemplo<\/strong>\u201d, dijo en una conferencia en la Universidad de Tel Aviv, en 1995.<\/p>\n\n\n\n<h3 class=\"wp-block-heading\">8- El da\u00f1o ecol\u00f3gico y su impacto en la salud<\/h3>\n\n\n\n<p>Favaloro fue consciente de la creciente&nbsp;<strong>emergencia ecol\u00f3gica y sus repercusiones<\/strong>&nbsp;en la salud de la humanidad. En su libro&nbsp;<em>De La Pampa a los Estados Unidos,&nbsp;<\/em>mencion\u00f3: \u201cSi no tomamos conciencia del desastre&nbsp;<strong>ecol\u00f3gico que el hombre ha desatado&nbsp;<\/strong>en nuestro planeta -la Argentina no queda excluida- las consecuencias ser\u00e1n terribles. (\u2026) Todos debemos comprometernos a luchar sin descanso por la rehabilitaci\u00f3n del aire, el agua y la tierra.\u201d<\/p>\n\n\n\n<h3 class=\"wp-block-heading\">9- El valor de la cooperaci\u00f3n internacional<\/h3>\n\n\n\n<p>\u201cEs imprescindible organizar la cooperaci\u00f3n internacional entre los pa\u00edses desarrollados y en desarrollo y&nbsp;<strong>luchar todos juntos por una sociedad mejor<\/strong>, con mayor equidad y justicia social, que haga posible respetar y defender -junto con las dem\u00e1s conquistas sociales- el derecho inalienable del hombre a gozar de buena salud\u201d, expres\u00f3 en la Conferencia Internacional sobre la Salud del Coraz\u00f3n, realizada en Nueva Delhi, en 1999.<img loading=\"lazy\" decoding=\"async\" alt=\"La defensa de Favaloro del sistema de salud integral inclu\u00eda la consideraci\u00f3n de factores ambientales como determinantes clave para la prevenci\u00f3n de enfermedades (Imagen Ilustrativa Infobae)\" height=\"1024\" src=\"https:\/\/www.infobae.com\/resizer\/v2\/XRUBMJX3FVE6BAVO3OK647Q65Q.jpg?auth=0501ed80a6ae4c9f704f5ebc4bde1fd043c5e3d78a6ad8cac8a61369244e7071&amp;smart=true&amp;width=350&amp;height=214&amp;quality=85\" width=\"1792\">La defensa de Favaloro del sistema de salud integral inclu\u00eda la consideraci\u00f3n de factores ambientales como determinantes clave para la prevenci\u00f3n de enfermedades (Imagen Ilustrativa Infobae)<\/p>\n\n\n\n<h3 class=\"wp-block-heading\">10- La \u00e9tica como base para una sociedad justa<\/h3>\n\n\n\n<p>En el mismo discurso antes citado, en Glacier Park Lodge, Montana, Estados Unidos, en 1993, sentenci\u00f3: \u201cHa llegado el momento, insisto, de detener el girar constante de nuestro planeta. Examinarlo, examinarnos, hacer el diagn\u00f3stico correcto y buscar todos juntos el tratamiento adecuado. S\u00f3lo lo lograremos si entendemos que estamos convocados por un compromiso ineludible:&nbsp;<strong>debemos luchar por una sociedad m\u00e1s justa<\/strong>&nbsp;y equitativa, sin prejuicios de ninguna \u00edndole. S\u00f3lo lo lograremos si no nos apartamos nunca de los<strong>&nbsp;lineamientos \u00e9ticos basados en el respeto a la dignidad del hombre<\/strong>.<\/p>\n\n\n\n<p>Estas lecciones, surgidas de su vasta experiencia tanto en la medicina como en la reflexi\u00f3n social y \u00e9tica, siguen siendo fundamentales para mejorar la salud p\u00fablica, la equidad social y el desarrollo de sociedades m\u00e1s justas.<\/p>\n\n\n\n<p><\/p>\n","protected":false},"excerpt":{"rendered":"<p>Cada 3 de diciembre se conmemora el\u00a0D\u00eda del M\u00e9dico, una fecha dedicada a honrar la labor incansable de quienes dedican su vida al cuidado de la salud. Esta celebraci\u00f3n tiene&hellip; <\/p>\n","protected":false},"author":1,"featured_media":176789,"comment_status":"closed","ping_status":"open","sticky":false,"template":"","format":"standard","meta":{"footnotes":""},"categories":[16,1],"tags":[],"class_list":["post-176786","post","type-post","status-publish","format-standard","has-post-thumbnail","hentry","category-bienestar-y-salud","category-informacion-general"],"_links":{"self":[{"href":"https:\/\/corrientesdetarde.com\/index.php\/wp-json\/wp\/v2\/posts\/176786","targetHints":{"allow":["GET"]}}],"collection":[{"href":"https:\/\/corrientesdetarde.com\/index.php\/wp-json\/wp\/v2\/posts"}],"about":[{"href":"https:\/\/corrientesdetarde.com\/index.php\/wp-json\/wp\/v2\/types\/post"}],"author":[{"embeddable":true,"href":"https:\/\/corrientesdetarde.com\/index.php\/wp-json\/wp\/v2\/users\/1"}],"replies":[{"embeddable":true,"href":"https:\/\/corrientesdetarde.com\/index.php\/wp-json\/wp\/v2\/comments?post=176786"}],"version-history":[{"count":1,"href":"https:\/\/corrientesdetarde.com\/index.php\/wp-json\/wp\/v2\/posts\/176786\/revisions"}],"predecessor-version":[{"id":176790,"href":"https:\/\/corrientesdetarde.com\/index.php\/wp-json\/wp\/v2\/posts\/176786\/revisions\/176790"}],"wp:featuredmedia":[{"embeddable":true,"href":"https:\/\/corrientesdetarde.com\/index.php\/wp-json\/wp\/v2\/media\/176789"}],"wp:attachment":[{"href":"https:\/\/corrientesdetarde.com\/index.php\/wp-json\/wp\/v2\/media?parent=176786"}],"wp:term":[{"taxonomy":"category","embeddable":true,"href":"https:\/\/corrientesdetarde.com\/index.php\/wp-json\/wp\/v2\/categories?post=176786"},{"taxonomy":"post_tag","embeddable":true,"href":"https:\/\/corrientesdetarde.com\/index.php\/wp-json\/wp\/v2\/tags?post=176786"}],"curies":[{"name":"wp","href":"https:\/\/api.w.org\/{rel}","templated":true}]}}