{"id":176883,"date":"2024-12-03T14:34:51","date_gmt":"2024-12-03T17:34:51","guid":{"rendered":"https:\/\/corrientesdetarde.com\/?p=176883"},"modified":"2024-12-03T14:34:55","modified_gmt":"2024-12-03T17:34:55","slug":"cine-de-los-martes-presentacion-del-cortometraje-de-lo-que-fue","status":"publish","type":"post","link":"https:\/\/corrientesdetarde.com\/index.php\/cultura\/cine-de-los-martes-presentacion-del-cortometraje-de-lo-que-fue\/","title":{"rendered":"Cine de los Martes: presentaci\u00f3n del cortometraje \u201cDe lo que fue\u201d"},"content":{"rendered":"\n<p>El Instituto de Cultura invita a una nueva entrega del cl\u00e1sico ciclo \u201cCine de los Martes\u201d, que se realizar\u00e1 hoy, a las 21, en el Patio de la Cultura Marit\u00e9 Salas (San Juan 546).<\/p>\n\n\n\n<p>En esta oportunidad se presentar\u00e1 el cortometraje \u201cDe lo que fue\u201d, de Federico Morlio. Como siempre, el acceso es libre y gratuito.<\/p>\n\n\n\n<p>Esta proyecci\u00f3n contar\u00e1 con la presencia del director del corto, Federico Morlio, que contar\u00e1 c\u00f3mo fue el proceso de filmaci\u00f3n de este proyecto audiovisual.<\/p>\n\n\n\n<p>La trama de \u201cDe lo que fue\u201d da cuenta sobre una ex pareja, que se re\u00fane en la casa donde vivieron durante su relaci\u00f3n, para hacer la \u00faltima divisi\u00f3n de sus pertenencias y dejarla lista para los nuevos due\u00f1os.<\/p>\n\n\n\n<figure class=\"wp-block-image size-large\"><img loading=\"lazy\" decoding=\"async\" width=\"923\" height=\"1024\" src=\"https:\/\/corrientesdetarde.com\/wp-content\/uploads\/2024\/12\/image-185-923x1024.png\" alt=\"\" class=\"wp-image-176884\" srcset=\"https:\/\/corrientesdetarde.com\/wp-content\/uploads\/2024\/12\/image-185-923x1024.png 923w, https:\/\/corrientesdetarde.com\/wp-content\/uploads\/2024\/12\/image-185-270x300.png 270w, https:\/\/corrientesdetarde.com\/wp-content\/uploads\/2024\/12\/image-185-768x852.png 768w, https:\/\/corrientesdetarde.com\/wp-content\/uploads\/2024\/12\/image-185.png 1154w\" sizes=\"auto, (max-width: 923px) 100vw, 923px\" \/><\/figure>\n","protected":false},"excerpt":{"rendered":"<p>El Instituto de Cultura invita a una nueva entrega del cl\u00e1sico ciclo \u201cCine de los Martes\u201d, que se realizar\u00e1 hoy, a las 21, en el Patio de la Cultura Marit\u00e9&hellip; <\/p>\n","protected":false},"author":8,"featured_media":176885,"comment_status":"closed","ping_status":"open","sticky":false,"template":"","format":"standard","meta":{"footnotes":""},"categories":[15],"tags":[],"class_list":["post-176883","post","type-post","status-publish","format-standard","has-post-thumbnail","hentry","category-cultura"],"_links":{"self":[{"href":"https:\/\/corrientesdetarde.com\/index.php\/wp-json\/wp\/v2\/posts\/176883","targetHints":{"allow":["GET"]}}],"collection":[{"href":"https:\/\/corrientesdetarde.com\/index.php\/wp-json\/wp\/v2\/posts"}],"about":[{"href":"https:\/\/corrientesdetarde.com\/index.php\/wp-json\/wp\/v2\/types\/post"}],"author":[{"embeddable":true,"href":"https:\/\/corrientesdetarde.com\/index.php\/wp-json\/wp\/v2\/users\/8"}],"replies":[{"embeddable":true,"href":"https:\/\/corrientesdetarde.com\/index.php\/wp-json\/wp\/v2\/comments?post=176883"}],"version-history":[{"count":1,"href":"https:\/\/corrientesdetarde.com\/index.php\/wp-json\/wp\/v2\/posts\/176883\/revisions"}],"predecessor-version":[{"id":176886,"href":"https:\/\/corrientesdetarde.com\/index.php\/wp-json\/wp\/v2\/posts\/176883\/revisions\/176886"}],"wp:featuredmedia":[{"embeddable":true,"href":"https:\/\/corrientesdetarde.com\/index.php\/wp-json\/wp\/v2\/media\/176885"}],"wp:attachment":[{"href":"https:\/\/corrientesdetarde.com\/index.php\/wp-json\/wp\/v2\/media?parent=176883"}],"wp:term":[{"taxonomy":"category","embeddable":true,"href":"https:\/\/corrientesdetarde.com\/index.php\/wp-json\/wp\/v2\/categories?post=176883"},{"taxonomy":"post_tag","embeddable":true,"href":"https:\/\/corrientesdetarde.com\/index.php\/wp-json\/wp\/v2\/tags?post=176883"}],"curies":[{"name":"wp","href":"https:\/\/api.w.org\/{rel}","templated":true}]}}