{"id":178018,"date":"2024-12-08T21:25:37","date_gmt":"2024-12-09T00:25:37","guid":{"rendered":"https:\/\/corrientesdetarde.com\/?p=178018"},"modified":"2024-12-08T21:25:49","modified_gmt":"2024-12-09T00:25:49","slug":"reeligen-a-tassano-como-presidente-del-regatas","status":"publish","type":"post","link":"https:\/\/corrientesdetarde.com\/index.php\/deportes\/reeligen-a-tassano-como-presidente-del-regatas\/","title":{"rendered":"Reeligen a Tassano como presidente del Regatas."},"content":{"rendered":"\n<h2 class=\"wp-block-heading\">Ser\u00e1 su cuarto mandato seguido al frente del club del parque Mitre. Asumir\u00e1 el lunes 23, seg\u00fan confirmaron oficialmente.<\/h2>\n\n\n\n<p>Hoy, domingo 8, se realiz\u00f3 la Asamblea General Ordinaria del Club de Regatas Corrientes, donde Eduardo Tassano fue reelecto como presidente para un nuevo per\u00edodo, que abarcar\u00e1 de 2024 a 2027.<\/p>\n\n\n\n<p>Ser\u00e1 su sexta gesti\u00f3n al frente de la instituci\u00f3n, la cuarta consecutiva. Anteriormente, lider\u00f3 el club en los per\u00edodos 2003-2006, 2006-2009, 2015-2018, 2018-2021 y 2021-2024.<\/p>\n\n\n\n<p>El presidente electo estar\u00e1 acompa\u00f1ado por Francisco Mac\u00edas, quien continuar\u00e1 como vicepresidente; Andrea Crudeli y C\u00e9sar Aguirri, quienes asumir\u00e1n como secretaria y prosecretario, respectivamente; Ernesto Calvano y Desiree Lancelle Monferrer, quienes estar\u00e1n a cargo de las tesorer\u00edas; y Emilio Lanari, quien continuar\u00e1 como vocal primero.<\/p>\n\n\n\n<p>Durante la sesi\u00f3n, se aprob\u00f3 por unanimidad el acta de la Asamblea General Ordinaria realizada el 17 de diciembre de 2023, as\u00ed como la Memoria y el Balance General correspondiente al ejercicio econ\u00f3mico cerrado el 30 de septiembre de 2024.<\/p>\n\n\n\n<p>Una de las principales novedades de esta Asamblea fue la implementaci\u00f3n de la Junta Electoral, que actu\u00f3 por primera vez tras la modificaci\u00f3n del estatuto en 2023. Adem\u00e1s, se destac\u00f3 el cumplimiento de la paridad de g\u00e9nero en la conformaci\u00f3n de la nueva Comisi\u00f3n Directiva.<\/p>\n\n\n\n<p>Con la firma del acta de la Asamblea por parte de los socios Gustavo Vexelman e Ignacio Telechea, qued\u00f3 formalmente constituida la nueva Comisi\u00f3n Directiva, que tomar\u00e1 posesi\u00f3n de sus cargos el pr\u00f3ximo 23 de diciembre.<\/p>\n","protected":false},"excerpt":{"rendered":"<p>Ser\u00e1 su cuarto mandato seguido al frente del club del parque Mitre. Asumir\u00e1 el lunes 23, seg\u00fan confirmaron oficialmente. Hoy, domingo 8, se realiz\u00f3 la Asamblea General Ordinaria del Club&hellip; <\/p>\n","protected":false},"author":6,"featured_media":178021,"comment_status":"closed","ping_status":"open","sticky":false,"template":"","format":"standard","meta":{"footnotes":""},"categories":[4],"tags":[],"class_list":["post-178018","post","type-post","status-publish","format-standard","has-post-thumbnail","hentry","category-deportes"],"_links":{"self":[{"href":"https:\/\/corrientesdetarde.com\/index.php\/wp-json\/wp\/v2\/posts\/178018","targetHints":{"allow":["GET"]}}],"collection":[{"href":"https:\/\/corrientesdetarde.com\/index.php\/wp-json\/wp\/v2\/posts"}],"about":[{"href":"https:\/\/corrientesdetarde.com\/index.php\/wp-json\/wp\/v2\/types\/post"}],"author":[{"embeddable":true,"href":"https:\/\/corrientesdetarde.com\/index.php\/wp-json\/wp\/v2\/users\/6"}],"replies":[{"embeddable":true,"href":"https:\/\/corrientesdetarde.com\/index.php\/wp-json\/wp\/v2\/comments?post=178018"}],"version-history":[{"count":2,"href":"https:\/\/corrientesdetarde.com\/index.php\/wp-json\/wp\/v2\/posts\/178018\/revisions"}],"predecessor-version":[{"id":178023,"href":"https:\/\/corrientesdetarde.com\/index.php\/wp-json\/wp\/v2\/posts\/178018\/revisions\/178023"}],"wp:featuredmedia":[{"embeddable":true,"href":"https:\/\/corrientesdetarde.com\/index.php\/wp-json\/wp\/v2\/media\/178021"}],"wp:attachment":[{"href":"https:\/\/corrientesdetarde.com\/index.php\/wp-json\/wp\/v2\/media?parent=178018"}],"wp:term":[{"taxonomy":"category","embeddable":true,"href":"https:\/\/corrientesdetarde.com\/index.php\/wp-json\/wp\/v2\/categories?post=178018"},{"taxonomy":"post_tag","embeddable":true,"href":"https:\/\/corrientesdetarde.com\/index.php\/wp-json\/wp\/v2\/tags?post=178018"}],"curies":[{"name":"wp","href":"https:\/\/api.w.org\/{rel}","templated":true}]}}