{"id":178032,"date":"2024-12-08T22:12:43","date_gmt":"2024-12-09T01:12:43","guid":{"rendered":"https:\/\/corrientesdetarde.com\/?p=178032"},"modified":"2024-12-08T22:12:47","modified_gmt":"2024-12-09T01:12:47","slug":"un-choque-entre-dos-lanchas-dejo-un-saldo-de-un-muerto-y-dos-heridos","status":"publish","type":"post","link":"https:\/\/corrientesdetarde.com\/index.php\/policiales\/un-choque-entre-dos-lanchas-dejo-un-saldo-de-un-muerto-y-dos-heridos\/","title":{"rendered":"Un choque entre dos lanchas dej\u00f3 un saldo de un muerto y dos heridos."},"content":{"rendered":"\n<h2 class=\"wp-block-heading\">Una de las embarcaciones estaba anclada, con varios tripulantes dentro. El hombre que provoc\u00f3 el impacto escap\u00f3 y se entreg\u00f3 horas m\u00e1s tarde junto con su abogado ante la Prefectura Naval Argentina.<\/h2>\n\n\n\n<p>Una fiesta en el\u00a0<strong>r\u00edo Paran\u00e1<\/strong>, sobre la costa de la isla La Paciencia, termin\u00f3 de la peor manera:\u00a0<strong>una lancha choc\u00f3 a otra y provoc\u00f3 la muerte de un hombre de 35 a\u00f1os.\u00a0<\/strong>Otras ocho personas que estaban junto a la v\u00edctima fatal tuvieron que ser internadas con heridas de diferente gravedad. Quien manejaba la embarcaci\u00f3n que provoc\u00f3 el siniestro<strong>\u00a0escap\u00f3 del lugar y se entreg\u00f3 horas m\u00e1s tarde<\/strong>\u00a0en el puerto de\u00a0Santa Fe\u00a0ante la Prefectura Naval Argentina, durante la madrugada de este domingo.<\/p>\n\n\n\n<p>El fallecido fue identificado como\u00a0<strong>Adri\u00e1n Javier Taborda<\/strong>. Su embarcaci\u00f3n, bautizada como \u201cAnita\u201d, estaba amarrada. En el agua hay poca iluminaci\u00f3n, por lo que durante la noche la visibilidad es escasa. \u201cMi novio estaba en la punta haciendo se\u00f1as con una linterna, pero<strong>\u00a0la otra lancha no ten\u00eda luces y ven\u00eda muy r\u00e1pido<\/strong>, llena de gente\u201d, explic\u00f3 una de las sobrevivientes, en un testimonio que relevaron varios portales santafesinos.<\/p>\n\n\n\n<p>La otra embarcaci\u00f3n, \u201cSamira\u201d, los choc\u00f3 de lleno. Quienes viajaban en ella tambi\u00e9n habr\u00edan asistido a la misma fiesta. \u201cLo \u00fanico que escuchamos fue \u2018\u00a1Ese chico, no nos ve&#8230; No nos ve!\u2019. No pudimos esquivarlos.\u00a0<strong>La punta de su lancha pas\u00f3 por encima de la nuestra, nos agachamos, pero golpearon en el medio.<\/strong>\u00a0Algunos de ellos cayeron al agua tambi\u00e9n, pero no se detuvieron. Nos dejaron solos\u201d, continu\u00f3 la v\u00edctima.<\/p>\n\n\n\n<p>Como pudieron, a pesar de los da\u00f1os materiales y humanos, los tripulantes llevaron a \u201cAnita\u201d hasta el Club N\u00e1utico Sur, donde pidieron auxilio. Tom\u00f3 intervenci\u00f3n Emergencias N\u00e1uticas y se dirigi\u00f3 al lugar personal de Prefectura Naval Argentina. Los m\u00e9dicos trasladaron a los heridos al\u00a0<strong>Hospital Cull\u00e9n<\/strong>, y algunos fueron atendidos con heridas severas.<\/p>\n\n\n\n<figure class=\"wp-block-image size-full\"><img loading=\"lazy\" decoding=\"async\" width=\"992\" height=\"661\" src=\"https:\/\/corrientesdetarde.com\/wp-content\/uploads\/2024\/12\/image-428.png\" alt=\"\" class=\"wp-image-178040\" srcset=\"https:\/\/corrientesdetarde.com\/wp-content\/uploads\/2024\/12\/image-428.png 992w, https:\/\/corrientesdetarde.com\/wp-content\/uploads\/2024\/12\/image-428-300x200.png 300w, https:\/\/corrientesdetarde.com\/wp-content\/uploads\/2024\/12\/image-428-768x512.png 768w\" sizes=\"auto, (max-width: 992px) 100vw, 992px\" \/><\/figure>\n\n\n\n<p>Seg\u00fan el diario\u00a0<em>La Capita<\/em>l, el capit\u00e1n de \u201cSamira\u201d se present\u00f3 en la madrugada ante la sede que tiene Prefectura en el puerto de Santa Fe.<strong>\u00a0Identificado como P.B.<\/strong>, se puso a disposici\u00f3n de las autoridades. Fue acompa\u00f1ado por su abogado y\u00a0<strong>reconoci\u00f3 su rol en el incidente.<\/strong><\/p>\n\n\n\n<p>El fiscal de Flagrancia del Ministerio P\u00fablico de la Acusaci\u00f3n,&nbsp;<strong>Arturo Haidar<\/strong>, dispuso tanto su&nbsp;<strong>detenci\u00f3n&nbsp;<\/strong>como la orden para que se lo someta a testeos de&nbsp;<strong>alcoholemia y drogas<\/strong>. Adem\u00e1s, pidi\u00f3 que se secuestre su lancha para peritarla.<\/p>\n\n\n\n<p>La sobreviviente que brind\u00f3 declaraciones a la prensa local, tambi\u00e9n lament\u00f3 la p\u00e9rdida de Adri\u00e1n Taborda: \u201c<strong>Era una persona incre\u00edble\u2026 Estamos devastados.<\/strong>&nbsp;La bronca es enorme, no solo por lo que pas\u00f3, sino porque quien nos choc\u00f3 se dio a la fuga y nunca trat\u00f3 de ayudarnos\u201d, complet\u00f3.<\/p>\n","protected":false},"excerpt":{"rendered":"<p>Una de las embarcaciones estaba anclada, con varios tripulantes dentro. El hombre que provoc\u00f3 el impacto escap\u00f3 y se entreg\u00f3 horas m\u00e1s tarde junto con su abogado ante la Prefectura&hellip; <\/p>\n","protected":false},"author":6,"featured_media":178041,"comment_status":"closed","ping_status":"open","sticky":false,"template":"","format":"standard","meta":{"footnotes":""},"categories":[33],"tags":[],"class_list":["post-178032","post","type-post","status-publish","format-standard","has-post-thumbnail","hentry","category-policiales"],"_links":{"self":[{"href":"https:\/\/corrientesdetarde.com\/index.php\/wp-json\/wp\/v2\/posts\/178032","targetHints":{"allow":["GET"]}}],"collection":[{"href":"https:\/\/corrientesdetarde.com\/index.php\/wp-json\/wp\/v2\/posts"}],"about":[{"href":"https:\/\/corrientesdetarde.com\/index.php\/wp-json\/wp\/v2\/types\/post"}],"author":[{"embeddable":true,"href":"https:\/\/corrientesdetarde.com\/index.php\/wp-json\/wp\/v2\/users\/6"}],"replies":[{"embeddable":true,"href":"https:\/\/corrientesdetarde.com\/index.php\/wp-json\/wp\/v2\/comments?post=178032"}],"version-history":[{"count":2,"href":"https:\/\/corrientesdetarde.com\/index.php\/wp-json\/wp\/v2\/posts\/178032\/revisions"}],"predecessor-version":[{"id":178043,"href":"https:\/\/corrientesdetarde.com\/index.php\/wp-json\/wp\/v2\/posts\/178032\/revisions\/178043"}],"wp:featuredmedia":[{"embeddable":true,"href":"https:\/\/corrientesdetarde.com\/index.php\/wp-json\/wp\/v2\/media\/178041"}],"wp:attachment":[{"href":"https:\/\/corrientesdetarde.com\/index.php\/wp-json\/wp\/v2\/media?parent=178032"}],"wp:term":[{"taxonomy":"category","embeddable":true,"href":"https:\/\/corrientesdetarde.com\/index.php\/wp-json\/wp\/v2\/categories?post=178032"},{"taxonomy":"post_tag","embeddable":true,"href":"https:\/\/corrientesdetarde.com\/index.php\/wp-json\/wp\/v2\/tags?post=178032"}],"curies":[{"name":"wp","href":"https:\/\/api.w.org\/{rel}","templated":true}]}}