{"id":178033,"date":"2024-12-08T22:04:38","date_gmt":"2024-12-09T01:04:38","guid":{"rendered":"https:\/\/corrientesdetarde.com\/?p=178033"},"modified":"2024-12-08T22:04:49","modified_gmt":"2024-12-09T01:04:49","slug":"susana-tendra-grandes-sorpresas-en-su-ultimo-programa","status":"publish","type":"post","link":"https:\/\/corrientesdetarde.com\/index.php\/espectaculos\/susana-tendra-grandes-sorpresas-en-su-ultimo-programa\/","title":{"rendered":"Susana tendr\u00e1 grandes sorpresas en su \u00faltimo programa."},"content":{"rendered":"\n<h2 class=\"wp-block-heading\">Para su despedida de 2024 la diva tendr\u00e1 a la cantante en su programa. Adem\u00e1s, entrar\u00e1 a la casa de Gran Hermano y se vivir\u00e1 un momento \u00fanico con su recordado personaje.<\/h2>\n\n\n\n<p>Luego de una breve temporada, que arranc\u00f3 el 22 de septiembre,\u00a0<strong>Susana Gim\u00e9nez<\/strong>\u00a0se despedir\u00e1 de 2024 con un programa especial. A diferencia de los \u00faltimos, en donde apost\u00f3 por la fuerte presencia medi\u00e1tica de\u00a0invitadas como Wanda Nara, Pampita y Yanina Latorre, tendr\u00e1 como broche de oro de este a\u00f1o a<strong>\u00a0Tini Stoessel\u00a0<\/strong>como invitada musical.<\/p>\n\n\n\n<p>Por primera vez, la conductora ingresar\u00e1 a la casa de\u00a0<strong>Gran Hermano<\/strong>\u00a0junto a\u00a0<strong>Santiago del Moro<\/strong>\u00a0desde el living de su show\u00a0y se vivir\u00e1 un momento muy particular cuando, gracias a la tecnolog\u00eda, entreviste a La Mary, el personaje de la pel\u00edcula que interpret\u00f3.<\/p>\n\n\n\n<p><strong>Susana ingresar\u00e1 a la casa de Gran Hermano<br><\/strong>Santiago del Moro confirm\u00f3 que el pr\u00f3ximo domingo 8 de diciembre ingresar\u00e1 a la casa de\u00a0<em>Gran Hermano<\/em>\u00a0(Telefe) acompa\u00f1ado por Susana Gim\u00e9nez. La diva dar\u00e1 su \u00faltimo programa de la temporada 2024 y el conductor del reality show ser\u00e1, primero, invitado al living para conversar sobre su vida.<\/p>\n\n\n\n<p>El \u00faltimo jueves y despu\u00e9s de anunciar la placa definitiva de nominados, en la que Delfina de Lellis, Carlos Tocco, Ulises Ap\u00f3tolo y Claudio Di Lorenzo son los primeros cuatro participantes en ponerse a prueba en el voto telef\u00f3nico, el conductor revel\u00f3 la noticia.\u00a0<strong>\u201cVoy a entrar con Susana a la casa m\u00e1s famosa\u201d<\/strong>, dijo Santiago.<\/p>\n\n\n\n<p>\u201cEn el \u00faltimo programa de Susana en esta casa, en este que es su canal. Vamos a estar el pr\u00f3ximo domingo, va a estar Tini, por supuesto. Voy a entrar con Susana a la casa m\u00e1s famosa.<strong>\u00a0Que ellos se preparen porque no saben lo que les espera, ustedes tambi\u00e9n<\/strong>\u201d, agreg\u00f3 el conductor.<\/p>\n\n\n\n<p>Adem\u00e1s de recibir a Del Moro en su living, para su despedida, la conductora tambi\u00e9n tendr\u00e1 la presencia de Tini Stoessel, quien adem\u00e1s dar\u00e1 un show musical. La cantante comparti\u00f3 desde sus redes algunas im\u00e1genes y videos de sus preparativos.<\/p>\n\n\n\n<p>Adem\u00e1s la presentadora llevar\u00e1 adelante un momento muy especial, en el que la tecnolog\u00eda se combinar\u00e1 con lo autobiogr\u00e1fico y lo autorreferencial: a trav\u00e9s de la inteligencia artificial (IA), la conductora estar\u00e1 frente a La Mary, el recordado personaje que ella misma encarn\u00f3 hace 50 a\u00f1os en la pel\u00edcula que protagoniz\u00f3 junto a Carlos Monz\u00f3n.<\/p>\n\n\n\n<p>Esta semana, el canal que emite el ciclo promocion\u00f3 el \u00faltimo programa del a\u00f1o de Susana. \u201cLlega el encuentro que va a sorprender a todo el pa\u00eds, el que jam\u00e1s nadie podr\u00eda haber imaginado&#8230;\u201d, anuncia el locutor de la se\u00f1al. Luego, se ve la imagen de La Mary detr\u00e1s del cl\u00e1sico escritorio en el que Gim\u00e9nez se viene sentando en las \u00faltimas d\u00e9cadas en su rol de animadora. \u201cQu\u00e9 lindo escritorio&#8230; Ay, ojal\u00e1 alg\u00fan d\u00eda pueda estar sentada ac\u00e1, recibiendo llamados. O conduciendo un programa de televisi\u00f3n\u201d, fantasea el personaje.<\/p>\n\n\n\n<p><strong>\u201cLa Mary visita a Susana y le va a preguntar todo sobre su vida. La Susana de hoy y la Susana de ayer juntas, a 50 a\u00f1os del estreno de La Mary\u201d<\/strong>, cierra el locutor en el adelanto, explicando de qu\u00e9 ir\u00e1 este momento, que si bien es in\u00e9dita en Susana, no es la primera vez que una figura se entrevista a s\u00ed misma. Si bien la tecnolog\u00eda fue otro y el enfoque de la charla totalmente distinto (ya que entrevistador y entrevistado se encontraban en la misma l\u00ednea temporal), el ejemplo m\u00e1s recordado es cuando Diego Armando Maradona tuvo un mano a mano consigo mismo en uno de los episodios m\u00e1s recordados de La Noche del Diez, emitido en 2005 por El Trece.<\/p>\n\n\n\n<p>La IA viene acaparando cada vez m\u00e1s espacios en lo cotidiano y, por supuesto, los medios de comunicaci\u00f3n se vienen valiendo de esa tecnolog\u00eda. En este caso, el desarrollo viene de la mano de Telefe asociado a la productora Furor Studio, con quien unieron fuerzas para lograr este momento televisivo que, seguramente, de mucho para hablar.<\/p>\n","protected":false},"excerpt":{"rendered":"<p>Para su despedida de 2024 la diva tendr\u00e1 a la cantante en su programa. Adem\u00e1s, entrar\u00e1 a la casa de Gran Hermano y se vivir\u00e1 un momento \u00fanico con su&hellip; <\/p>\n","protected":false},"author":6,"featured_media":178037,"comment_status":"closed","ping_status":"open","sticky":false,"template":"","format":"standard","meta":{"footnotes":""},"categories":[19],"tags":[],"class_list":["post-178033","post","type-post","status-publish","format-standard","has-post-thumbnail","hentry","category-espectaculos"],"_links":{"self":[{"href":"https:\/\/corrientesdetarde.com\/index.php\/wp-json\/wp\/v2\/posts\/178033","targetHints":{"allow":["GET"]}}],"collection":[{"href":"https:\/\/corrientesdetarde.com\/index.php\/wp-json\/wp\/v2\/posts"}],"about":[{"href":"https:\/\/corrientesdetarde.com\/index.php\/wp-json\/wp\/v2\/types\/post"}],"author":[{"embeddable":true,"href":"https:\/\/corrientesdetarde.com\/index.php\/wp-json\/wp\/v2\/users\/6"}],"replies":[{"embeddable":true,"href":"https:\/\/corrientesdetarde.com\/index.php\/wp-json\/wp\/v2\/comments?post=178033"}],"version-history":[{"count":2,"href":"https:\/\/corrientesdetarde.com\/index.php\/wp-json\/wp\/v2\/posts\/178033\/revisions"}],"predecessor-version":[{"id":178039,"href":"https:\/\/corrientesdetarde.com\/index.php\/wp-json\/wp\/v2\/posts\/178033\/revisions\/178039"}],"wp:featuredmedia":[{"embeddable":true,"href":"https:\/\/corrientesdetarde.com\/index.php\/wp-json\/wp\/v2\/media\/178037"}],"wp:attachment":[{"href":"https:\/\/corrientesdetarde.com\/index.php\/wp-json\/wp\/v2\/media?parent=178033"}],"wp:term":[{"taxonomy":"category","embeddable":true,"href":"https:\/\/corrientesdetarde.com\/index.php\/wp-json\/wp\/v2\/categories?post=178033"},{"taxonomy":"post_tag","embeddable":true,"href":"https:\/\/corrientesdetarde.com\/index.php\/wp-json\/wp\/v2\/tags?post=178033"}],"curies":[{"name":"wp","href":"https:\/\/api.w.org\/{rel}","templated":true}]}}