{"id":178035,"date":"2024-12-08T22:19:20","date_gmt":"2024-12-09T01:19:20","guid":{"rendered":"https:\/\/corrientesdetarde.com\/?p=178035"},"modified":"2024-12-08T22:19:24","modified_gmt":"2024-12-09T01:19:24","slug":"la-catedral-de-notre-dame-celebro-su-primera-misa-despues-del-incendio","status":"publish","type":"post","link":"https:\/\/corrientesdetarde.com\/index.php\/internacionales\/la-catedral-de-notre-dame-celebro-su-primera-misa-despues-del-incendio\/","title":{"rendered":"La catedral de Notre Dame celebr\u00f3 su primera misa despu\u00e9s del incendio."},"content":{"rendered":"\n<h2 class=\"wp-block-heading\">La consagraci\u00f3n del altar, al d\u00eda siguiente de la reapertura oficial del templo, fue presidido por el arzobispo Laurent Ulrich, junto a la presencia de destacadas personalidades pol\u00edticas, cat\u00f3licas e invitados especiales de las di\u00f3cesis de Par\u00eds.<\/h2>\n\n\n\n<p>La catedral de Notre Dame, con su aire cargado de olor a incienso, alberg\u00f3 el domingo su primera misa desde el catastr\u00f3fico incendio de 2019, un momento que trasciende el significado religioso para convertirse en un poderoso s\u00edmbolo de la resiliencia de Par\u00eds.<\/p>\n\n\n\n<p>Bajo el resplandor de los candelabros tradicionales y los focos modernos, que iluminaban su piedra intrincadamente tallada, la catedral emergi\u00f3 renacida, con su grandeza restaurada despu\u00e9s de m\u00e1s de cinco a\u00f1os de reconstrucci\u00f3n.<\/p>\n\n\n\n<figure class=\"wp-block-image size-full\"><img loading=\"lazy\" decoding=\"async\" width=\"992\" height=\"661\" src=\"https:\/\/corrientesdetarde.com\/wp-content\/uploads\/2024\/12\/image-429.png\" alt=\"\" class=\"wp-image-178044\" srcset=\"https:\/\/corrientesdetarde.com\/wp-content\/uploads\/2024\/12\/image-429.png 992w, https:\/\/corrientesdetarde.com\/wp-content\/uploads\/2024\/12\/image-429-300x200.png 300w, https:\/\/corrientesdetarde.com\/wp-content\/uploads\/2024\/12\/image-429-768x512.png 768w\" sizes=\"auto, (max-width: 992px) 100vw, 992px\" \/><\/figure>\n\n\n\n<p>Para los\u00a0<strong>cat\u00f3licos<\/strong>, marca el\u00a0<strong>renacimiento del coraz\u00f3n espiritual de la ciudad<\/strong>, un lugar donde se ha nutrido la fe durante siglos. Para el\u00a0<strong>mundo<\/strong>, significa el\u00a0<strong>renacimiento de uno de los monumentos m\u00e1s famosos del patrimonio mundial<\/strong>.<\/p>\n\n\n\n<p>El evento fue solemne e hist\u00f3rico. El<strong>\u00a0arzobispo Laurent Ulrich<\/strong>\u00a0presidi\u00f3 la misa matutina, incluida la consagraci\u00f3n de un nuevo altar de bronce.<\/p>\n\n\n\n<figure class=\"wp-block-image size-full\"><img loading=\"lazy\" decoding=\"async\" width=\"992\" height=\"661\" src=\"https:\/\/corrientesdetarde.com\/wp-content\/uploads\/2024\/12\/image-430.png\" alt=\"\" class=\"wp-image-178045\" srcset=\"https:\/\/corrientesdetarde.com\/wp-content\/uploads\/2024\/12\/image-430.png 992w, https:\/\/corrientesdetarde.com\/wp-content\/uploads\/2024\/12\/image-430-300x200.png 300w, https:\/\/corrientesdetarde.com\/wp-content\/uploads\/2024\/12\/image-430-768x512.png 768w\" sizes=\"auto, (max-width: 992px) 100vw, 992px\" \/><\/figure>\n\n\n\n<p>A las 18H30 (17H30 GMT), se celebrar\u00e1 una segunda misa, esta vez para el p\u00fablico general, que s\u00f3lo podr\u00e1 asistir con reservaci\u00f3n.<\/p>\n\n\n\n<p>La liturgia, a la que asistieron el presidente franc\u00e9s, Emmanuel Macron, el clero, dignatarios e invitados, que sumaron unas 2.500 personas, se celebr\u00f3 a puerta cerrada.\u00a0<strong>Participaron en la celebraci\u00f3n casi 170 obispos de Francia y de todo el mundo, junto con un sacerdote de cada una de las parroquias de la di\u00f3cesis de Par\u00eds y un sacerdote de cada una de las siete iglesias cat\u00f3licas de rito oriental, acompa\u00f1ados por fieles de estas comunidades.<\/strong><\/p>\n\n\n\n<p>Macron, en consonancia con la divisi\u00f3n secular del Estado y la religi\u00f3n en Francia, no tom\u00f3 la comuni\u00f3n.<\/p>\n\n\n\n<p>Es un hito en el viaje de Notre Dame desde la ruina a la resurrecci\u00f3n, un proceso definido por una artesan\u00eda extraordinaria, casi mil millones de d\u00f3lares en donaciones globales y una determinaci\u00f3n inquebrantable de reconstruir lo que parec\u00eda perdido.<\/p>\n\n\n\n<p>Despu\u00e9s de la misa, los fieles asistentes, sacerdotes, monjas y otros invitados se quedaron en la catedral, con evidente asombro. Muchos se tomaron fotos y selfies frente al altar reci\u00e9n consagrado, el baptisterio y los vibrantes rosetones de Notre Dame, con alegr\u00eda mezcl\u00e1ndose con reverencia. Otros se arrodillaron para rezar en las capillas dedicadas a los santos, saboreando una intimidad espiritual que muchos no hab\u00edan experimentado desde el incendio.<\/p>\n\n\n\n<p><strong>\u201cVolver aqu\u00ed despu\u00e9s de tanto tiempo es sobrecogedor\u201d<\/strong>, dijo un asistente, que describi\u00f3 la misa como una ocasi\u00f3n tanto personal como colectiva. Otros elogiaron el profundo significado religioso de la liturgia del domingo, que sigui\u00f3 a la ceremonia oficial de reapertura el s\u00e1bado.<\/p>\n\n\n\n<p>Algunos asistentes hab\u00edan sido invitados por su di\u00f3cesis u organizaciones religiosas, mientras que otros se despertaron antes del amanecer para tener la oportunidad de entrar a la catedral.<\/p>\n\n\n\n<p>M\u00e1s tarde, el domingo, se celebrar\u00e1 una misa vespertina para los miembros del p\u00fablico que reservaron entradas la semana pasada. Associated Press se enter\u00f3 de que las entradas para este servicio se adquirieron en 25 minutos, lo que pone de relieve la capacidad duradera de Notre Dame para inspirar devoci\u00f3n y curiosidad.<\/p>\n\n\n\n<p>Lo que es m\u00e1s extraordinario es que esto est\u00e1 sucediendo en un pa\u00eds con un fuerte \u00e9nfasis en el secularismo y una baja tasa de asistencia a la iglesia.<\/p>\n\n\n\n<h2 class=\"wp-block-heading\">El p\u00fablico observa, desde la distancia<\/h2>\n\n\n\n<p>Las \u00e1reas de observaci\u00f3n p\u00fablica a lo largo del Sena atrajeron el domingo por la ma\u00f1ana a cientos de personas que deseaban presenciar el momento hist\u00f3rico desde lejos, aunque su n\u00famero probablemente se vio disminuido por las condiciones clim\u00e1ticas lluviosas y miserablemente fr\u00edas.<\/p>\n\n\n\n<p>El ingeniero jubilado Claude Lancrenon, que observaba desde un mirador, expres\u00f3 tanto asombro como decepci\u00f3n.<\/p>\n\n\n\n<p><strong>\u201cHay mucha seguridad\u201d<\/strong>, dijo, se\u00f1alando las barreras.<strong>&nbsp;\u201cAyer, eso parec\u00eda apropiado. Pero hoy, esperaba que estuviera m\u00e1s abierto para poder acercarnos a la catedral. Todav\u00eda tengo la esperanza de que podamos acercarnos m\u00e1s\u201d<\/strong>.<\/p>\n\n\n\n<p>Las estrictas medidas de seguridad, similares a las de los Juegos Ol\u00edmpicos de Par\u00eds, reflejaron la importancia de la ocasi\u00f3n, garantizando la seguridad de los dignatarios y del p\u00fablico por igual mientras la catedral recuperaba su papel como s\u00edmbolo global de unidad y resiliencia.<\/p>\n\n\n\n<p>Nathalie Martino, una organizadora de eventos jubilada que estaba de visita en Par\u00eds para ver a su familia, record\u00f3 la angustia de ver arder la catedral.<\/p>\n\n\n\n<p><strong>\u201cLlor\u00e9 mucho ese d\u00eda\u201d<\/strong>, dijo.&nbsp;<strong>\u201cY ahora, aqu\u00ed estoy. Ten\u00eda que venir. Era algo que necesitaba hacer\u201d<\/strong>.<\/p>\n\n\n\n<h2 class=\"wp-block-heading\">Un espacio sagrado renacido<\/h2>\n\n\n\n<p>Las misas del domingo siguen a la ceremonia de reapertura del s\u00e1bado por la tarde, en la que Ulrich reabri\u00f3 simb\u00f3licamente las enormes puertas de madera de la catedral golpe\u00e1ndolas tres veces con un b\u00e1culo fabricado con vigas carbonizadas rescatadas del incendio. Cuando las puertas se abrieron, los coros llenaron la catedral con canciones y el gran \u00f3rgano de la catedral, en silencio desde el incendio, reson\u00f3 con melod\u00edas majestuosas.<\/p>\n\n\n\n<p>En el interior, la restauraci\u00f3n revela una catedral transformada con paredes de piedra caliza que ahora lucen relucientes y se han limpiado de siglos de suciedad. Las vidrieras restauradas proyectan patrones deslumbrantes de color a lo largo de la nave.<\/p>\n\n\n\n<p>\u201cNadie ha visto la catedral as\u00ed\u201d, afirma el reverendo Olivier Ribadeau Dumas, rector de Notre Dame.&nbsp;<strong>\u201cEs m\u00e1s que una restauraci\u00f3n: ha renacido\u201d<\/strong>.<\/p>\n\n\n\n<p>La liturgia del domingo por la ma\u00f1ana consagr\u00f3 el nuevo altar, un momento crucial en el regreso de Notre Dame a la plena vida lit\u00fargica.<\/p>\n\n\n\n<p>El altar alberga las reliquias de cinco santos vinculados a Par\u00eds, entre ellos Santa Catalina Labour\u00e9 y San Carlos de Foucauld, y contin\u00faa una tradici\u00f3n centenaria de colocar objetos sagrados en el centro de los espacios de culto. La consagraci\u00f3n, que incluye agua bendita, aceite crismal, incienso y oraci\u00f3n, transforma el altar en una pieza central sagrada de la catedral.<\/p>\n\n\n\n<h2 class=\"wp-block-heading\">Un momento de unidad<\/h2>\n\n\n\n<p>La reapertura de Notre Dame es m\u00e1s que un hito religioso, es un momento de unidad cultural y nacional. Macron, que prometi\u00f3 restaurar la catedral en los cinco a\u00f1os siguientes al incendio, asisti\u00f3 a las ceremonias del s\u00e1bado y&nbsp;<strong>calific\u00f3 el proyecto como \u201cuna inyecci\u00f3n de esperanza\u201d&nbsp;<\/strong>para Francia, una naci\u00f3n a menudo dividida por crisis pol\u00edticas.<\/p>\n\n\n\n<p>Las misas dominicales subrayan el doble papel de Notre Dame como lugar de culto y s\u00edmbolo de resiliencia comunitaria. Tambi\u00e9n garantizan que los miembros de la comunidad cat\u00f3lica en general puedan participar en el renacimiento espiritual de la catedral.<\/p>\n\n\n\n<figure class=\"wp-block-image size-full\"><img loading=\"lazy\" decoding=\"async\" width=\"992\" height=\"661\" src=\"https:\/\/corrientesdetarde.com\/wp-content\/uploads\/2024\/12\/image-431.png\" alt=\"\" class=\"wp-image-178046\" srcset=\"https:\/\/corrientesdetarde.com\/wp-content\/uploads\/2024\/12\/image-431.png 992w, https:\/\/corrientesdetarde.com\/wp-content\/uploads\/2024\/12\/image-431-300x200.png 300w, https:\/\/corrientesdetarde.com\/wp-content\/uploads\/2024\/12\/image-431-768x512.png 768w\" sizes=\"auto, (max-width: 992px) 100vw, 992px\" \/><\/figure>\n\n\n\n<p><strong>\u201cNo se trataba solo de restaurar un edificio, se trataba de restaurar el coraz\u00f3n de la naci\u00f3n\u201d<\/strong>, afirm\u00f3 Dumas.<\/p>\n\n\n\n<h2 class=\"wp-block-heading\">Retos superados<\/h2>\n\n\n\n<p>El camino hacia la restauraci\u00f3n ha estado plagado de desaf\u00edos. La&nbsp;<strong>contaminaci\u00f3n por plomo oblig\u00f3 a detener las obras y la pandemia de COVID-19 a\u00f1adi\u00f3 retrasos.<\/strong>&nbsp;Sin embargo, el proyecto, supervisado por el arquitecto Philippe Villeneuve, ha sido aclamado como un triunfo del ingenio humano y la determinaci\u00f3n colectiva.&nbsp;<strong>Se han instalado sistemas de prevenci\u00f3n de incendios de \u00faltima generaci\u00f3n, incluidas c\u00e1maras t\u00e9rmicas y un sistema de nebulizaci\u00f3n, para salvaguardar el futuro de la catedral.<\/strong><\/p>\n\n\n\n<p>Villeneuve describi\u00f3 el esfuerzo como \u201crestaurar no s\u00f3lo un edificio sino el alma de una naci\u00f3n\u201d, enfatizando el significado personal y nacional del trabajo.<\/p>\n\n\n\n<h2 class=\"wp-block-heading\">Un futuro sagrado y una \u2018octava\u2019<\/h2>\n\n\n\n<p>Con su aguja perforando nuevamente el cielo parisino, Notre Dame est\u00e1 lista para recuperar su papel como faro mundial de fe y arte.&nbsp;<strong>Se espera que la catedral, que anteriormente recib\u00eda 12 millones de visitantes anuales, atraiga a 15 millones en su nuevo cap\u00edtulo.<\/strong><\/p>\n\n\n\n<p>Este renacimiento monumental no se limita a un solo d\u00eda. Ulrich ha anunciado una\u00a0<strong>\u201coctava\u201d de celebraciones: ocho d\u00edas de servicios religiosos especiales, cada uno con su propio tema, que se extender\u00e1n hasta el 15 de diciembre.<\/strong>\u00a0Estas liturgias diarias, abiertas a diversos grupos, desde feligreses locales hasta peregrinos internacionales, enfatizan el papel de Notre Dame como centro espiritual unificador.<\/p>\n","protected":false},"excerpt":{"rendered":"<p>La consagraci\u00f3n del altar, al d\u00eda siguiente de la reapertura oficial del templo, fue presidido por el arzobispo Laurent Ulrich, junto a la presencia de destacadas personalidades pol\u00edticas, cat\u00f3licas e&hellip; <\/p>\n","protected":false},"author":6,"featured_media":178047,"comment_status":"closed","ping_status":"open","sticky":false,"template":"","format":"standard","meta":{"footnotes":""},"categories":[11],"tags":[],"class_list":["post-178035","post","type-post","status-publish","format-standard","has-post-thumbnail","hentry","category-internacionales"],"_links":{"self":[{"href":"https:\/\/corrientesdetarde.com\/index.php\/wp-json\/wp\/v2\/posts\/178035","targetHints":{"allow":["GET"]}}],"collection":[{"href":"https:\/\/corrientesdetarde.com\/index.php\/wp-json\/wp\/v2\/posts"}],"about":[{"href":"https:\/\/corrientesdetarde.com\/index.php\/wp-json\/wp\/v2\/types\/post"}],"author":[{"embeddable":true,"href":"https:\/\/corrientesdetarde.com\/index.php\/wp-json\/wp\/v2\/users\/6"}],"replies":[{"embeddable":true,"href":"https:\/\/corrientesdetarde.com\/index.php\/wp-json\/wp\/v2\/comments?post=178035"}],"version-history":[{"count":1,"href":"https:\/\/corrientesdetarde.com\/index.php\/wp-json\/wp\/v2\/posts\/178035\/revisions"}],"predecessor-version":[{"id":178048,"href":"https:\/\/corrientesdetarde.com\/index.php\/wp-json\/wp\/v2\/posts\/178035\/revisions\/178048"}],"wp:featuredmedia":[{"embeddable":true,"href":"https:\/\/corrientesdetarde.com\/index.php\/wp-json\/wp\/v2\/media\/178047"}],"wp:attachment":[{"href":"https:\/\/corrientesdetarde.com\/index.php\/wp-json\/wp\/v2\/media?parent=178035"}],"wp:term":[{"taxonomy":"category","embeddable":true,"href":"https:\/\/corrientesdetarde.com\/index.php\/wp-json\/wp\/v2\/categories?post=178035"},{"taxonomy":"post_tag","embeddable":true,"href":"https:\/\/corrientesdetarde.com\/index.php\/wp-json\/wp\/v2\/tags?post=178035"}],"curies":[{"name":"wp","href":"https:\/\/api.w.org\/{rel}","templated":true}]}}