{"id":178036,"date":"2024-12-08T22:25:42","date_gmt":"2024-12-09T01:25:42","guid":{"rendered":"https:\/\/corrientesdetarde.com\/?p=178036"},"modified":"2024-12-08T22:25:54","modified_gmt":"2024-12-09T01:25:54","slug":"gustavo-valdes-vs-alejandra-seward-por-la-presidencia-de-la-ucr-de-corrientes","status":"publish","type":"post","link":"https:\/\/corrientesdetarde.com\/index.php\/politica\/gustavo-valdes-vs-alejandra-seward-por-la-presidencia-de-la-ucr-de-corrientes\/","title":{"rendered":"Gustavo Vald\u00e9s vs Alejandra Seward por la presidencia de la UCR de Corrientes."},"content":{"rendered":"\n<h2 class=\"wp-block-heading\">El gobernador competir\u00e1 con la ex senadora por la titularidad de la fuerza. Se votar\u00e1 el 22 de diciembre.<\/h2>\n\n\n\n<p>Se confirm\u00f3 que habr\u00e1 competencia interna por la presidencia de la Uni\u00f3n C\u00edvica Radical de Corrientes. Dos listas se presentaron para hacerse del manejo del radicalismo correntino.\u00a0<\/p>\n\n\n\n<p>Vald\u00e9s vs Seward por la presidencia de la UCR<br>Cuando todo hacia pensar que no tendr\u00eda competencia interna le apareci\u00f3 una contrincante: la exsenadora provincial Alejandra Seward, exjefa del Comit\u00e9 Capital de la UCR. La grilla cuenta con el gui\u00f1o del exgobernador Ricardo Colombi y adem\u00e1s presentaron candidatos en 25 de los 75 comit\u00e9s en disputa. En Capital solo presentaron lista para tres de las 12 secciones.<\/p>\n\n\n\n<p>Vald\u00e9s, en tanto, present\u00f3 postulantes en los 75 municipios con la denominaci\u00f3n de &#8220;Vamos Radicales&#8221;.<\/p>\n\n\n\n<p>Se votar\u00e1 el 22 de diciembre. Pero la Justicia Nacional a\u00fan debe resolver la queja presentada por Ricardo Colombi, quien cuestion\u00f3 los motivos de la intervenci\u00f3n partidaria.<\/p>\n\n\n\n<p><\/p>\n","protected":false},"excerpt":{"rendered":"<p>El gobernador competir\u00e1 con la ex senadora por la titularidad de la fuerza. Se votar\u00e1 el 22 de diciembre. Se confirm\u00f3 que habr\u00e1 competencia interna por la presidencia de la&hellip; <\/p>\n","protected":false},"author":6,"featured_media":178049,"comment_status":"closed","ping_status":"open","sticky":false,"template":"","format":"standard","meta":{"footnotes":""},"categories":[3],"tags":[],"class_list":["post-178036","post","type-post","status-publish","format-standard","has-post-thumbnail","hentry","category-politica"],"_links":{"self":[{"href":"https:\/\/corrientesdetarde.com\/index.php\/wp-json\/wp\/v2\/posts\/178036","targetHints":{"allow":["GET"]}}],"collection":[{"href":"https:\/\/corrientesdetarde.com\/index.php\/wp-json\/wp\/v2\/posts"}],"about":[{"href":"https:\/\/corrientesdetarde.com\/index.php\/wp-json\/wp\/v2\/types\/post"}],"author":[{"embeddable":true,"href":"https:\/\/corrientesdetarde.com\/index.php\/wp-json\/wp\/v2\/users\/6"}],"replies":[{"embeddable":true,"href":"https:\/\/corrientesdetarde.com\/index.php\/wp-json\/wp\/v2\/comments?post=178036"}],"version-history":[{"count":2,"href":"https:\/\/corrientesdetarde.com\/index.php\/wp-json\/wp\/v2\/posts\/178036\/revisions"}],"predecessor-version":[{"id":178051,"href":"https:\/\/corrientesdetarde.com\/index.php\/wp-json\/wp\/v2\/posts\/178036\/revisions\/178051"}],"wp:featuredmedia":[{"embeddable":true,"href":"https:\/\/corrientesdetarde.com\/index.php\/wp-json\/wp\/v2\/media\/178049"}],"wp:attachment":[{"href":"https:\/\/corrientesdetarde.com\/index.php\/wp-json\/wp\/v2\/media?parent=178036"}],"wp:term":[{"taxonomy":"category","embeddable":true,"href":"https:\/\/corrientesdetarde.com\/index.php\/wp-json\/wp\/v2\/categories?post=178036"},{"taxonomy":"post_tag","embeddable":true,"href":"https:\/\/corrientesdetarde.com\/index.php\/wp-json\/wp\/v2\/tags?post=178036"}],"curies":[{"name":"wp","href":"https:\/\/api.w.org\/{rel}","templated":true}]}}