{"id":178054,"date":"2024-12-09T08:12:31","date_gmt":"2024-12-09T11:12:31","guid":{"rendered":"https:\/\/corrientesdetarde.com\/?p=178054"},"modified":"2024-12-09T08:12:34","modified_gmt":"2024-12-09T11:12:34","slug":"el-gobernador-valdes-encabezara-la-presentacion-de-los-carnavales-provinciales-2025","status":"publish","type":"post","link":"https:\/\/corrientesdetarde.com\/index.php\/locales\/el-gobernador-valdes-encabezara-la-presentacion-de-los-carnavales-provinciales-2025\/","title":{"rendered":"El gobernador Vald\u00e9s encabezar\u00e1 la presentaci\u00f3n de los Carnavales Provinciales 2025"},"content":{"rendered":"\n<p>En un acto a desarrollarse este lunes 9 de diciembre, a las 10 horas en el Sal\u00f3n Amarillo, el gobernador Gustavo Vald\u00e9s encabezar\u00e1 el lanzamiento oficial de los Carnavales Provinciales 2025.<\/p>\n\n\n\n<p><\/p>\n","protected":false},"excerpt":{"rendered":"<p>En un acto a desarrollarse este lunes 9 de diciembre, a las 10 horas en el Sal\u00f3n Amarillo, el gobernador Gustavo Vald\u00e9s encabezar\u00e1 el lanzamiento oficial de los Carnavales Provinciales&hellip; <\/p>\n","protected":false},"author":1,"featured_media":178055,"comment_status":"closed","ping_status":"open","sticky":false,"template":"","format":"standard","meta":{"footnotes":""},"categories":[15,8],"tags":[],"class_list":["post-178054","post","type-post","status-publish","format-standard","has-post-thumbnail","hentry","category-cultura","category-locales"],"_links":{"self":[{"href":"https:\/\/corrientesdetarde.com\/index.php\/wp-json\/wp\/v2\/posts\/178054","targetHints":{"allow":["GET"]}}],"collection":[{"href":"https:\/\/corrientesdetarde.com\/index.php\/wp-json\/wp\/v2\/posts"}],"about":[{"href":"https:\/\/corrientesdetarde.com\/index.php\/wp-json\/wp\/v2\/types\/post"}],"author":[{"embeddable":true,"href":"https:\/\/corrientesdetarde.com\/index.php\/wp-json\/wp\/v2\/users\/1"}],"replies":[{"embeddable":true,"href":"https:\/\/corrientesdetarde.com\/index.php\/wp-json\/wp\/v2\/comments?post=178054"}],"version-history":[{"count":1,"href":"https:\/\/corrientesdetarde.com\/index.php\/wp-json\/wp\/v2\/posts\/178054\/revisions"}],"predecessor-version":[{"id":178056,"href":"https:\/\/corrientesdetarde.com\/index.php\/wp-json\/wp\/v2\/posts\/178054\/revisions\/178056"}],"wp:featuredmedia":[{"embeddable":true,"href":"https:\/\/corrientesdetarde.com\/index.php\/wp-json\/wp\/v2\/media\/178055"}],"wp:attachment":[{"href":"https:\/\/corrientesdetarde.com\/index.php\/wp-json\/wp\/v2\/media?parent=178054"}],"wp:term":[{"taxonomy":"category","embeddable":true,"href":"https:\/\/corrientesdetarde.com\/index.php\/wp-json\/wp\/v2\/categories?post=178054"},{"taxonomy":"post_tag","embeddable":true,"href":"https:\/\/corrientesdetarde.com\/index.php\/wp-json\/wp\/v2\/tags?post=178054"}],"curies":[{"name":"wp","href":"https:\/\/api.w.org\/{rel}","templated":true}]}}