{"id":178060,"date":"2024-12-09T08:24:19","date_gmt":"2024-12-09T11:24:19","guid":{"rendered":"https:\/\/corrientesdetarde.com\/?p=178060"},"modified":"2024-12-09T08:25:01","modified_gmt":"2024-12-09T11:25:01","slug":"el-municipio-inauguro-esculturas-en-arena-y-un-nuevo-arbol","status":"publish","type":"post","link":"https:\/\/corrientesdetarde.com\/index.php\/destacados\/el-municipio-inauguro-esculturas-en-arena-y-un-nuevo-arbol\/","title":{"rendered":"El Municipio inaugur\u00f3 esculturas en arena y un nuevo \u00e1rbol"},"content":{"rendered":"\n<p><em>Las actividades se enmarcan en el programa \u201cNavidad con Pay\u00e9\u201d lanzado por el municipio con el fin de que vecinos y visitantes disfruten de la llegada de las fiestas en la ciudad.<\/em><\/p>\n\n\n\n<p>Durante el fin de semana, la Municipalidad de Corrientes llev\u00f3 adelante una cargada agenda con propuestas culturales y recreativas para toda la comunidad. Tomando en cuenta la \u00e9poca del a\u00f1o, la tem\u00e1tica navide\u00f1a cobr\u00f3 protagonismo en m\u00e1s actividades. &#8220;Estamos compartiendo el esp\u00edritu navide\u00f1o con los vecinos\u201d, resalt\u00f3 el intendente Eduardo Tassano al respecto.\u00a0<br><br>Con vistas a despertar el esp\u00edritu navide\u00f1o y generar espacios de esparcimiento durante el per\u00edodo de receso y las fiestas de fin de a\u00f1o, el Municipio lanz\u00f3 \u201cNavidad con Pay\u00e9\u201d. La propuesta implica una variedad de actividades, desde la colocaci\u00f3n de \u00e1rboles en distintos puntos de la ciudad, villancicos, muestras de arte, espect\u00e1culos musicales, entre otros, promocionados artistas y referentes de la cultura local.\u00a0<br><br>En primer lugar, en la Playa Arazaty se habilitaron oficialmente las obras realizadas durante una nueva edici\u00f3n del Encuentro de Escultores en Arena \u201cYviku\u2019\u00ed&#8221;. El evento inici\u00f3 el viernes y cont\u00f3 con la presencia de seis artistas consagrados y emergentes de la regi\u00f3n que este a\u00f1o en particular recrearon en la arena personajes y escenas de la navidad, resaltando los conceptos del amor y la paz.\u00a0<br><br>El Encuentro tuvo entrada libre y gratuita, por lo que durante todo el fin de semana la comunidad pudo ver a los escultores trabajar en vivo y apreciar c\u00f3mo cada obra fue tomando forma. \u201cAgradezco el apoyo del municipio para llevar a cabo esta actividad, siempre empujando esta idea tan maravillosa que una vez lo imaginamos y hoy la vemos hecha realidad&#8221;, valor\u00f3 Joel Silva, organizador del evento.\u00a0<br><br>Seguidamente, durante la noche del domingo, el intendente inaugur\u00f3 un nuevo \u00e1rbol navide\u00f1o en la plaza Mercosur, frente a la rotonda de la Virgen. El mismo tiene 10 metros de altura y 8 de di\u00e1metro, mientras la base est\u00e1 adornada con im\u00e1genes de Pap\u00e1 Noel y regalos. En el lugar, Gladys Vallejos, una de las vecinas presentes, agradeci\u00f3 a la Municipalidad por contar con esta decoraci\u00f3n tan especial. \u201cEsto nos parece espectacular, ilumin\u00f3 todo el barrio y la ciudad, la verdad qued\u00f3 muy lindo&#8221;, coment\u00f3 la vecina.<br><br>Para concluir, Eduardo Tassano remarc\u00f3: \u201cEn cada punto de la ciudad programamos una serie de eventos navide\u00f1os para todos los correntinos y para todos los turistas que nos quieran visitar&#8221;.\u00a0<br><br>CIUDAD DE EVENTOS\u00a0<br>Por su parte Jos\u00e9 Sand, secretario de Cultura y Educaci\u00f3n, resalt\u00f3 en la ocasi\u00f3n: \u201cLa Municipalidad con distintas \u00e1reas est\u00e1 llevando adelante muchas acciones y actividades para vivir la tradici\u00f3n de la Navidad&#8221;.\u00a0<br><br>En la misma l\u00ednea, explic\u00f3 que todo forma parte de posicionar a la Capital en un destino atractivo y sede de importantes eventos. \u201cLa Municipalidad no solo brinda el espacio, sino que tambi\u00e9n brinda herramientas para que el vecino pueda disfrutar de todo el circuito fomentando siempre la ciudad de los eventos&#8221;, agreg\u00f3 Sand.<\/p>\n\n\n\n<figure class=\"wp-block-image size-large\"><img loading=\"lazy\" decoding=\"async\" width=\"1024\" height=\"586\" src=\"https:\/\/corrientesdetarde.com\/wp-content\/uploads\/2024\/12\/image-439-1024x586.png\" alt=\"\" class=\"wp-image-178065\" srcset=\"https:\/\/corrientesdetarde.com\/wp-content\/uploads\/2024\/12\/image-439-1024x586.png 1024w, https:\/\/corrientesdetarde.com\/wp-content\/uploads\/2024\/12\/image-439-300x172.png 300w, https:\/\/corrientesdetarde.com\/wp-content\/uploads\/2024\/12\/image-439-768x440.png 768w, https:\/\/corrientesdetarde.com\/wp-content\/uploads\/2024\/12\/image-439.png 1148w\" sizes=\"auto, (max-width: 1024px) 100vw, 1024px\" \/><\/figure>\n\n\n\n<figure class=\"wp-block-image size-large\"><img loading=\"lazy\" decoding=\"async\" width=\"1024\" height=\"690\" src=\"https:\/\/corrientesdetarde.com\/wp-content\/uploads\/2024\/12\/image-438-1024x690.png\" alt=\"\" class=\"wp-image-178064\" srcset=\"https:\/\/corrientesdetarde.com\/wp-content\/uploads\/2024\/12\/image-438-1024x690.png 1024w, https:\/\/corrientesdetarde.com\/wp-content\/uploads\/2024\/12\/image-438-300x202.png 300w, https:\/\/corrientesdetarde.com\/wp-content\/uploads\/2024\/12\/image-438-768x518.png 768w, https:\/\/corrientesdetarde.com\/wp-content\/uploads\/2024\/12\/image-438.png 1105w\" sizes=\"auto, (max-width: 1024px) 100vw, 1024px\" \/><\/figure>\n\n\n\n<figure class=\"wp-block-image size-full\"><img loading=\"lazy\" decoding=\"async\" width=\"948\" height=\"624\" src=\"https:\/\/corrientesdetarde.com\/wp-content\/uploads\/2024\/12\/image-437.png\" alt=\"\" class=\"wp-image-178063\" srcset=\"https:\/\/corrientesdetarde.com\/wp-content\/uploads\/2024\/12\/image-437.png 948w, https:\/\/corrientesdetarde.com\/wp-content\/uploads\/2024\/12\/image-437-300x197.png 300w, https:\/\/corrientesdetarde.com\/wp-content\/uploads\/2024\/12\/image-437-768x506.png 768w\" sizes=\"auto, (max-width: 948px) 100vw, 948px\" \/><\/figure>\n\n\n\n<figure class=\"wp-block-image size-large\"><img loading=\"lazy\" decoding=\"async\" width=\"1024\" height=\"629\" src=\"https:\/\/corrientesdetarde.com\/wp-content\/uploads\/2024\/12\/image-436-1024x629.png\" alt=\"\" class=\"wp-image-178062\" srcset=\"https:\/\/corrientesdetarde.com\/wp-content\/uploads\/2024\/12\/image-436-1024x629.png 1024w, https:\/\/corrientesdetarde.com\/wp-content\/uploads\/2024\/12\/image-436-300x184.png 300w, https:\/\/corrientesdetarde.com\/wp-content\/uploads\/2024\/12\/image-436-768x472.png 768w, https:\/\/corrientesdetarde.com\/wp-content\/uploads\/2024\/12\/image-436.png 1176w\" sizes=\"auto, (max-width: 1024px) 100vw, 1024px\" \/><\/figure>\n\n\n\n<figure class=\"wp-block-image size-large\"><img loading=\"lazy\" decoding=\"async\" width=\"1024\" height=\"689\" src=\"https:\/\/corrientesdetarde.com\/wp-content\/uploads\/2024\/12\/image-435-1024x689.png\" alt=\"\" class=\"wp-image-178061\" srcset=\"https:\/\/corrientesdetarde.com\/wp-content\/uploads\/2024\/12\/image-435-1024x689.png 1024w, https:\/\/corrientesdetarde.com\/wp-content\/uploads\/2024\/12\/image-435-300x202.png 300w, https:\/\/corrientesdetarde.com\/wp-content\/uploads\/2024\/12\/image-435-768x517.png 768w, https:\/\/corrientesdetarde.com\/wp-content\/uploads\/2024\/12\/image-435.png 1151w\" sizes=\"auto, (max-width: 1024px) 100vw, 1024px\" \/><\/figure>\n","protected":false},"excerpt":{"rendered":"<p>Las actividades se enmarcan en el programa \u201cNavidad con Pay\u00e9\u201d lanzado por el municipio con el fin de que vecinos y visitantes disfruten de la llegada de las fiestas en&hellip; <\/p>\n","protected":false},"author":1,"featured_media":178062,"comment_status":"closed","ping_status":"open","sticky":false,"template":"","format":"standard","meta":{"footnotes":""},"categories":[26],"tags":[],"class_list":["post-178060","post","type-post","status-publish","format-standard","has-post-thumbnail","hentry","category-destacados"],"_links":{"self":[{"href":"https:\/\/corrientesdetarde.com\/index.php\/wp-json\/wp\/v2\/posts\/178060","targetHints":{"allow":["GET"]}}],"collection":[{"href":"https:\/\/corrientesdetarde.com\/index.php\/wp-json\/wp\/v2\/posts"}],"about":[{"href":"https:\/\/corrientesdetarde.com\/index.php\/wp-json\/wp\/v2\/types\/post"}],"author":[{"embeddable":true,"href":"https:\/\/corrientesdetarde.com\/index.php\/wp-json\/wp\/v2\/users\/1"}],"replies":[{"embeddable":true,"href":"https:\/\/corrientesdetarde.com\/index.php\/wp-json\/wp\/v2\/comments?post=178060"}],"version-history":[{"count":1,"href":"https:\/\/corrientesdetarde.com\/index.php\/wp-json\/wp\/v2\/posts\/178060\/revisions"}],"predecessor-version":[{"id":178066,"href":"https:\/\/corrientesdetarde.com\/index.php\/wp-json\/wp\/v2\/posts\/178060\/revisions\/178066"}],"wp:featuredmedia":[{"embeddable":true,"href":"https:\/\/corrientesdetarde.com\/index.php\/wp-json\/wp\/v2\/media\/178062"}],"wp:attachment":[{"href":"https:\/\/corrientesdetarde.com\/index.php\/wp-json\/wp\/v2\/media?parent=178060"}],"wp:term":[{"taxonomy":"category","embeddable":true,"href":"https:\/\/corrientesdetarde.com\/index.php\/wp-json\/wp\/v2\/categories?post=178060"},{"taxonomy":"post_tag","embeddable":true,"href":"https:\/\/corrientesdetarde.com\/index.php\/wp-json\/wp\/v2\/tags?post=178060"}],"curies":[{"name":"wp","href":"https:\/\/api.w.org\/{rel}","templated":true}]}}