{"id":178068,"date":"2024-12-09T08:26:06","date_gmt":"2024-12-09T11:26:06","guid":{"rendered":"https:\/\/corrientesdetarde.com\/?p=178068"},"modified":"2024-12-11T08:21:03","modified_gmt":"2024-12-11T11:21:03","slug":"caso-schaerer-barczuk-fue-trasladado-a-chaco-para-terminar-de-cumplir-su-condena","status":"publish","type":"post","link":"https:\/\/corrientesdetarde.com\/index.php\/crimen-y-justicia\/caso-schaerer-barczuk-fue-trasladado-a-chaco-para-terminar-de-cumplir-su-condena\/","title":{"rendered":"Caso Schaerer: Barczuk fue trasladado a Chaco para terminar de cumplir su condena"},"content":{"rendered":"\n<p>N\u00e9stor Barczuk (61) -condenado por el secuestro y desaparici\u00f3n de Christian Schaerer y recientemente capturado en un domicilio sobre la avenida Lavalle, en Posadas- fue trasladado esta tarde, por disposici\u00f3n del Tribunal Oral Federal de Corrientes, hacia la Unidad Penal 7 de Chaco, donde cumplir\u00e1 el total de 5 a\u00f1os que le restaba purgar por el secuestro extorsivo del estudiante correntino.<\/p>\n\n\n\n<p>Mediante fuentes policiales, El Territorio pudo reconstruir que el procedimiento fue llevado a cabo por el SPF (Servicio Penitenciario Federal), con una dotaci\u00f3n de dos m\u00f3viles y cuatro efectivos. De esta forma, se espera que el hombre culmine su condena de 25 a\u00f1os de prisi\u00f3n que recae en su espalda.<\/p>\n\n\n\n<p>Detenido en noviembre<\/p>\n\n\n\n<p>N\u00e9stor Barczuk fue detenido nuevamente por la justicia argentina el pasado viernes 22 de noviembre, luego de que d\u00edas atr\u00e1s surgi\u00f3 el dato de que el hombre, sobre quien pesaba un pedido de detenci\u00f3n emitido por el juez de Ejecuci\u00f3n Penal del Tribunal Oral Federal de Corrientes -Enrique Jorge Bosch-, se refugiaba en la capital provincial.<\/p>\n\n\n\n<p>Justamente, las tareas investigativas comenzaron en octubre, cuando Bosch solicit\u00f3 la ubicaci\u00f3n del condenado mediante Interpol, en el marco de la causa por el secuestro del estudiante correntino.<\/p>\n\n\n\n<p>En tanto, esta determinaci\u00f3n de la Justicia Federal correntina se dio pocas horas despu\u00e9s de que autoridades judiciales paraguayas resolvieran la libertad y expulsi\u00f3n de Barczuk, quien estaba detenido en el marco de una serie de investigaciones por distintos delitos en el vecino pa\u00eds. Entre ellos el secuestro de la empresaria Mar\u00eda Mercedes Elizeche Mart\u00ednes, ocurrido en Asunci\u00f3n en julio de 2023.<\/p>\n\n\n\n<p>Precisamente, por su presunta implicancia en graves hechos delictivos en Paraguay, el misionero fue llevado en marzo \u00faltimo para rendir cuentas ante la Justicia de ese pa\u00eds.<br>Sin embargo, el mes pasado la jueza de Garant\u00edas de Asunci\u00f3n, Lici Mar\u00eda Teresita S\u00e1nchez Segovia, dispuso la liberaci\u00f3n de Barczuk por inacci\u00f3n en el proceso judicial por el que fue extraditado y considerar que no se avanz\u00f3 en su acusaci\u00f3n por parte de la Fiscal\u00eda Antisecuestros.<\/p>\n","protected":false},"excerpt":{"rendered":"<p>N\u00e9stor Barczuk (61) -condenado por el secuestro y desaparici\u00f3n de Christian Schaerer y recientemente capturado en un domicilio sobre la avenida Lavalle, en Posadas- fue trasladado esta tarde, por disposici\u00f3n&hellip; <\/p>\n","protected":false},"author":1,"featured_media":178071,"comment_status":"closed","ping_status":"open","sticky":false,"template":"","format":"standard","meta":{"footnotes":""},"categories":[5,33],"tags":[],"class_list":["post-178068","post","type-post","status-publish","format-standard","has-post-thumbnail","hentry","category-crimen-y-justicia","category-policiales"],"_links":{"self":[{"href":"https:\/\/corrientesdetarde.com\/index.php\/wp-json\/wp\/v2\/posts\/178068","targetHints":{"allow":["GET"]}}],"collection":[{"href":"https:\/\/corrientesdetarde.com\/index.php\/wp-json\/wp\/v2\/posts"}],"about":[{"href":"https:\/\/corrientesdetarde.com\/index.php\/wp-json\/wp\/v2\/types\/post"}],"author":[{"embeddable":true,"href":"https:\/\/corrientesdetarde.com\/index.php\/wp-json\/wp\/v2\/users\/1"}],"replies":[{"embeddable":true,"href":"https:\/\/corrientesdetarde.com\/index.php\/wp-json\/wp\/v2\/comments?post=178068"}],"version-history":[{"count":2,"href":"https:\/\/corrientesdetarde.com\/index.php\/wp-json\/wp\/v2\/posts\/178068\/revisions"}],"predecessor-version":[{"id":178073,"href":"https:\/\/corrientesdetarde.com\/index.php\/wp-json\/wp\/v2\/posts\/178068\/revisions\/178073"}],"wp:featuredmedia":[{"embeddable":true,"href":"https:\/\/corrientesdetarde.com\/index.php\/wp-json\/wp\/v2\/media\/178071"}],"wp:attachment":[{"href":"https:\/\/corrientesdetarde.com\/index.php\/wp-json\/wp\/v2\/media?parent=178068"}],"wp:term":[{"taxonomy":"category","embeddable":true,"href":"https:\/\/corrientesdetarde.com\/index.php\/wp-json\/wp\/v2\/categories?post=178068"},{"taxonomy":"post_tag","embeddable":true,"href":"https:\/\/corrientesdetarde.com\/index.php\/wp-json\/wp\/v2\/tags?post=178068"}],"curies":[{"name":"wp","href":"https:\/\/api.w.org\/{rel}","templated":true}]}}