{"id":178074,"date":"2024-12-09T08:52:40","date_gmt":"2024-12-09T11:52:40","guid":{"rendered":"https:\/\/corrientesdetarde.com\/?p=178074"},"modified":"2024-12-09T08:52:52","modified_gmt":"2024-12-09T11:52:52","slug":"presentan-el-libro-el-arca-de-milei","status":"publish","type":"post","link":"https:\/\/corrientesdetarde.com\/index.php\/informacion-general\/presentan-el-libro-el-arca-de-milei\/","title":{"rendered":"Presentan el libro &#8220;El Arca de Milei&#8221;"},"content":{"rendered":"\n<p>Es una obra clave para comprender la complejidad de la Argentina contempor\u00e1nea y su transformaci\u00f3n pol\u00edtica en el marco de la irrupci\u00f3n del primer presidente liberal libertario del pa\u00eds, Javier Milei. Adem\u00e1s, invita a recorrer una hoja de ruta que entrelaza intelectuales, influencers, pol\u00edticos reciclados y outsiders que convergen en un fen\u00f3meno local con ra\u00edces en la nueva derecha global.<\/p>\n\n\n\n<p><\/p>\n\n\n\n<p>La autora es mag\u00edster en Comunicaci\u00f3n e Imagen Institucional y especialista en comunicaci\u00f3n, analiza el impacto de tres grandes shocks recientes que han transformado el pa\u00eds: el regreso del FMI, la pandemia y el atentado contra Cristina Fern\u00e1ndez de Kirchner, situ\u00e1ndolos como antecedentes clave de esta reconfiguraci\u00f3n del mapa pol\u00edtico. Adem\u00e1s, reflexiona sobre c\u00f3mo la pol\u00edtica contempor\u00e1nea se juega en el cruce entre las calles y un ecosistema medi\u00e1tico digital en constante evoluci\u00f3n.<\/p>\n","protected":false},"excerpt":{"rendered":"<p>Es una obra clave para comprender la complejidad de la Argentina contempor\u00e1nea y su transformaci\u00f3n pol\u00edtica en el marco de la irrupci\u00f3n del primer presidente liberal libertario del pa\u00eds, Javier&hellip; <\/p>\n","protected":false},"author":1,"featured_media":178079,"comment_status":"closed","ping_status":"open","sticky":false,"template":"","format":"standard","meta":{"footnotes":""},"categories":[1],"tags":[],"class_list":["post-178074","post","type-post","status-publish","format-standard","has-post-thumbnail","hentry","category-informacion-general"],"_links":{"self":[{"href":"https:\/\/corrientesdetarde.com\/index.php\/wp-json\/wp\/v2\/posts\/178074","targetHints":{"allow":["GET"]}}],"collection":[{"href":"https:\/\/corrientesdetarde.com\/index.php\/wp-json\/wp\/v2\/posts"}],"about":[{"href":"https:\/\/corrientesdetarde.com\/index.php\/wp-json\/wp\/v2\/types\/post"}],"author":[{"embeddable":true,"href":"https:\/\/corrientesdetarde.com\/index.php\/wp-json\/wp\/v2\/users\/1"}],"replies":[{"embeddable":true,"href":"https:\/\/corrientesdetarde.com\/index.php\/wp-json\/wp\/v2\/comments?post=178074"}],"version-history":[{"count":1,"href":"https:\/\/corrientesdetarde.com\/index.php\/wp-json\/wp\/v2\/posts\/178074\/revisions"}],"predecessor-version":[{"id":178080,"href":"https:\/\/corrientesdetarde.com\/index.php\/wp-json\/wp\/v2\/posts\/178074\/revisions\/178080"}],"wp:featuredmedia":[{"embeddable":true,"href":"https:\/\/corrientesdetarde.com\/index.php\/wp-json\/wp\/v2\/media\/178079"}],"wp:attachment":[{"href":"https:\/\/corrientesdetarde.com\/index.php\/wp-json\/wp\/v2\/media?parent=178074"}],"wp:term":[{"taxonomy":"category","embeddable":true,"href":"https:\/\/corrientesdetarde.com\/index.php\/wp-json\/wp\/v2\/categories?post=178074"},{"taxonomy":"post_tag","embeddable":true,"href":"https:\/\/corrientesdetarde.com\/index.php\/wp-json\/wp\/v2\/tags?post=178074"}],"curies":[{"name":"wp","href":"https:\/\/api.w.org\/{rel}","templated":true}]}}