{"id":178126,"date":"2024-12-09T14:27:03","date_gmt":"2024-12-09T17:27:03","guid":{"rendered":"https:\/\/corrientesdetarde.com\/?p=178126"},"modified":"2024-12-09T14:27:07","modified_gmt":"2024-12-09T17:27:07","slug":"desarrollo-social-comunico-fecha-de-inscripcion-a-cdi-provinciales-para-2025","status":"publish","type":"post","link":"https:\/\/corrientesdetarde.com\/index.php\/sociales\/desarrollo-social-comunico-fecha-de-inscripcion-a-cdi-provinciales-para-2025\/","title":{"rendered":"Desarrollo Social comunic\u00f3 fecha de inscripci\u00f3n a CDI provinciales para 2025"},"content":{"rendered":"\n<p>El Ministerio de Desarrollo Social informa a trav\u00e9s de la &nbsp;Direcci\u00f3n de los Derechos de la Ni\u00f1ez y la Familia que la inscripci\u00f3n a los Centros de Desarrollo Infantil (CDI) que dependen del Gobierno provincial, se realizar\u00e1 de manera online a trav\u00e9s de la plataforma cuya direcci\u00f3n es&nbsp;<a href=\"https:\/\/4ue34.r.sp1-brevo.net\/mk\/cl\/f\/sh\/6rqJfgq8dINmNvd2HB7mP7OK8Ju\/35OGdauDkMD2\" target=\"_blank\" rel=\"noreferrer noopener\">https:\/\/cdicorrientes.com<\/a>. La misma se llevar\u00e1 a cabo el jueves 12 de diciembre a partir de las 9 horas, hasta agotar cupos.<\/p>\n\n\n\n<p>Esta medida busca facilitar el acceso a los CDI, garantizando la igualdad de oportunidades para todos los ni\u00f1os y ni\u00f1as. Es as\u00ed que los CDI ofrecen un espacio de atenci\u00f3n integral para los menores, promoviendo su desarrollo y bienestar.<\/p>\n\n\n\n<p>Adem\u00e1s del link, se encuentra a disposici\u00f3n un c\u00f3digo QR publicado en el perfl de Facebook del Ministerio de Desarrollos Social de la Provincia, a trav\u00e9s del cual tambi\u00e9n se puede acceder a la inscripci\u00f3n.<\/p>\n\n\n\n<figure class=\"wp-block-image size-large\"><img loading=\"lazy\" decoding=\"async\" width=\"1024\" height=\"1024\" src=\"https:\/\/corrientesdetarde.com\/wp-content\/uploads\/2024\/12\/image-454-1024x1024.png\" alt=\"\" class=\"wp-image-178127\" srcset=\"https:\/\/corrientesdetarde.com\/wp-content\/uploads\/2024\/12\/image-454-1024x1024.png 1024w, https:\/\/corrientesdetarde.com\/wp-content\/uploads\/2024\/12\/image-454-300x300.png 300w, https:\/\/corrientesdetarde.com\/wp-content\/uploads\/2024\/12\/image-454-150x150.png 150w, https:\/\/corrientesdetarde.com\/wp-content\/uploads\/2024\/12\/image-454-768x768.png 768w, https:\/\/corrientesdetarde.com\/wp-content\/uploads\/2024\/12\/image-454.png 1080w\" sizes=\"auto, (max-width: 1024px) 100vw, 1024px\" \/><\/figure>\n","protected":false},"excerpt":{"rendered":"<p>El Ministerio de Desarrollo Social informa a trav\u00e9s de la &nbsp;Direcci\u00f3n de los Derechos de la Ni\u00f1ez y la Familia que la inscripci\u00f3n a los Centros de Desarrollo Infantil (CDI)&hellip; <\/p>\n","protected":false},"author":8,"featured_media":178127,"comment_status":"closed","ping_status":"open","sticky":false,"template":"","format":"standard","meta":{"footnotes":""},"categories":[17],"tags":[],"class_list":["post-178126","post","type-post","status-publish","format-standard","has-post-thumbnail","hentry","category-sociales"],"_links":{"self":[{"href":"https:\/\/corrientesdetarde.com\/index.php\/wp-json\/wp\/v2\/posts\/178126","targetHints":{"allow":["GET"]}}],"collection":[{"href":"https:\/\/corrientesdetarde.com\/index.php\/wp-json\/wp\/v2\/posts"}],"about":[{"href":"https:\/\/corrientesdetarde.com\/index.php\/wp-json\/wp\/v2\/types\/post"}],"author":[{"embeddable":true,"href":"https:\/\/corrientesdetarde.com\/index.php\/wp-json\/wp\/v2\/users\/8"}],"replies":[{"embeddable":true,"href":"https:\/\/corrientesdetarde.com\/index.php\/wp-json\/wp\/v2\/comments?post=178126"}],"version-history":[{"count":1,"href":"https:\/\/corrientesdetarde.com\/index.php\/wp-json\/wp\/v2\/posts\/178126\/revisions"}],"predecessor-version":[{"id":178128,"href":"https:\/\/corrientesdetarde.com\/index.php\/wp-json\/wp\/v2\/posts\/178126\/revisions\/178128"}],"wp:featuredmedia":[{"embeddable":true,"href":"https:\/\/corrientesdetarde.com\/index.php\/wp-json\/wp\/v2\/media\/178127"}],"wp:attachment":[{"href":"https:\/\/corrientesdetarde.com\/index.php\/wp-json\/wp\/v2\/media?parent=178126"}],"wp:term":[{"taxonomy":"category","embeddable":true,"href":"https:\/\/corrientesdetarde.com\/index.php\/wp-json\/wp\/v2\/categories?post=178126"},{"taxonomy":"post_tag","embeddable":true,"href":"https:\/\/corrientesdetarde.com\/index.php\/wp-json\/wp\/v2\/tags?post=178126"}],"curies":[{"name":"wp","href":"https:\/\/api.w.org\/{rel}","templated":true}]}}