{"id":178129,"date":"2024-12-09T14:30:29","date_gmt":"2024-12-09T17:30:29","guid":{"rendered":"https:\/\/corrientesdetarde.com\/?p=178129"},"modified":"2024-12-09T14:30:34","modified_gmt":"2024-12-09T17:30:34","slug":"edgardo-kueider-pidio-licencia-como-senador-tras-haber-sido-detenido-en-paraguay-con-mas-de-us200-mil","status":"publish","type":"post","link":"https:\/\/corrientesdetarde.com\/index.php\/politica\/edgardo-kueider-pidio-licencia-como-senador-tras-haber-sido-detenido-en-paraguay-con-mas-de-us200-mil\/","title":{"rendered":"Edgardo Kueider pidi\u00f3 licencia como senador tras haber sido detenido en Paraguay con m\u00e1s de US$200 mil"},"content":{"rendered":"\n<p>El legislador peronista envi\u00f3 formalmente una nota dirigida a la presidenta de la C\u00e1mara Alta, Victoria Villarruel.<\/p>\n\n\n\n<p>El senador peronista,\u00a0<strong>Edgardo Kueider,<\/strong>\u00a0pidi\u00f3\u00a0<strong>licencia\u00a0<\/strong>a su cargo legislativo tras haber sido detenido en Paraguay con m\u00e1s de US$200 mil sin declarar. Le envi\u00f3 una nota formal a la presidenta de la C\u00e1mara Alta, <strong>Victoria Villarruel,<\/strong>\u00a0para que sus pares definan su futuro en una sesi\u00f3n que deber\u00eda habilitar la Vicepresidenta.<\/p>\n\n\n\n<p>Kueider cumple&nbsp;<strong>prisi\u00f3n domiciliaria<\/strong>&nbsp;en Paraguay por \u201ctentativa de contrabando\u201d, al igual que su secretaria,<strong>&nbsp;Iara Guinsel Costa,<\/strong>&nbsp;luego de que les detectaran<strong>&nbsp;m\u00e1s de US$200.000 en efectivo sin declarar&nbsp;<\/strong>en el auto en que intentaron entrar a ese pa\u00eds.<\/p>\n\n\n\n<p>El texto dice: \u201cMe dirijo a la Sra. Presidente a fin de solicitar, a partir del d\u00eda de la fecha, una licencia de mi cargo como Senador Nacional\u201d. Tiene fecha del&nbsp;<strong>4 de diciembre,<\/strong>&nbsp;d\u00eda en que fue detenido junto a Guinsel Costa en el Puente de la Amistad en el pa\u00eds vecino, pero reci\u00e9n se conoci\u00f3 hoy.<\/p>\n\n\n\n<p>La decisi\u00f3n del senador de pedir licencia en medio del esc\u00e1ndalo por su situaci\u00f3n hab\u00eda sido anticipada por su equipo de prensa, que indic\u00f3 en un comunicado que \u201cen funci\u00f3n de los hechos de p\u00fablico conocimiento\u201d Kueider dispondr\u00eda esta medida mientras dure la investigaci\u00f3n, con el objetivo de que \u201cno haya ning\u00fan tipo de impedimento a la hora de que se lo investigue\u201d.<\/p>\n\n\n\n<h2 class=\"wp-block-heading\">El kirchnerismo volvi\u00f3 a desligarse de Edgardo Kueider y le hizo un reclamo al Gobierno<\/h2>\n\n\n\n<p>Con este panorama de fondo, el kirchnerismo, a trav\u00e9s del senador de Uni\u00f3n por la Patria,\u00a0<strong>Oscar Parrilli,<\/strong>\u00a0volvi\u00f3 a desligarse del legislador peronista\u00a0<strong>Edgardo Kueider<\/strong>\u00a0y redobl\u00f3 las cr\u00edticas contra el Gobierno: \u201cSi dicen que no es de ellos, que\u00a0<strong>lo remuevan\u201d.<\/strong><\/p>\n\n\n\n<p>Parrilli dijo que \u201ces la primera vez que un senador est\u00e1 preso en pa\u00eds extranjero\u201d, que \u201ceste caso est\u00e1 inmerso en el art\u00edculo 66 de la Constituci\u00f3n Nacional, que habla que en casos de&nbsp;<strong>inmoralidad manifiesta<\/strong>&nbsp;un legislador puede ser removido\u201d, y que por esta raz\u00f3n pidieron una sesi\u00f3n para el pr\u00f3ximo jueves a las 11.00, para tratar su destituci\u00f3n. El legislador reclam\u00f3: \u201cSi dicen que Kueider no es de ellos,&nbsp;<strong>que lo remuevan,<\/strong>&nbsp;no tienen argumentos\u201d.<\/p>\n\n\n\n<p>El senador de Uni\u00f3n por la Patria, cercano a la expresidenta\u00a0<strong>Cristina Kirchner,<\/strong>\u00a0cuestion\u00f3 en declaraciones a\u00a0<em>Futur\u00f6ck\u00a0<\/em>y\u00a0<em>Splendid:\u00a0<\/em>\u201cEs muy grave lo que pas\u00f3, hubo intento de contrabando a Paraguay por m\u00e1s de\u00a0<strong>US$200.000<\/strong>\u00a0que no se sabe de d\u00f3nde salieron\u201d. Parrilli adem\u00e1s volvi\u00f3 a desligar al kirchnerismo del legislador, que en 2019 encabez\u00f3 la lista K por una banca en la C\u00e1mara Alta, por Entre R\u00edos: \u201cSumado a su conducta, ya que fue votado por Uni\u00f3n por la Patria en 2019, y el a\u00f1o pasado<strong>\u00a0se dio vuelta<\/strong>\u00a0y empez\u00f3 a formar parte del oficialismo, participaba de reuniones con el presidente\u00a0<strong>Javier Milei<\/strong>\u00a0y funcionarios\u201d.<\/p>\n\n\n\n<p>Parrilli redobl\u00f3 las cr\u00edticas contra el Gobierno: \u201cLas primeras reacciones de Milei, de la vicepresidenta&nbsp;<strong>Victoria Villarruel<\/strong>&nbsp;y de los ministros fueron para tratar de desligarse de Kueider, decir que no era de ellos. \u00c9l fue en nuestra boleta pero en diciembre del a\u00f1o pasado se adhiri\u00f3 a las pol\u00edticas de Milei, traicionando el voto popular\u201d.<\/p>\n","protected":false},"excerpt":{"rendered":"<p>El legislador peronista envi\u00f3 formalmente una nota dirigida a la presidenta de la C\u00e1mara Alta, Victoria Villarruel. El senador peronista,\u00a0Edgardo Kueider,\u00a0pidi\u00f3\u00a0licencia\u00a0a su cargo legislativo tras haber sido detenido en Paraguay&hellip; <\/p>\n","protected":false},"author":8,"featured_media":178130,"comment_status":"closed","ping_status":"open","sticky":false,"template":"","format":"standard","meta":{"footnotes":""},"categories":[3],"tags":[],"class_list":["post-178129","post","type-post","status-publish","format-standard","has-post-thumbnail","hentry","category-politica"],"_links":{"self":[{"href":"https:\/\/corrientesdetarde.com\/index.php\/wp-json\/wp\/v2\/posts\/178129","targetHints":{"allow":["GET"]}}],"collection":[{"href":"https:\/\/corrientesdetarde.com\/index.php\/wp-json\/wp\/v2\/posts"}],"about":[{"href":"https:\/\/corrientesdetarde.com\/index.php\/wp-json\/wp\/v2\/types\/post"}],"author":[{"embeddable":true,"href":"https:\/\/corrientesdetarde.com\/index.php\/wp-json\/wp\/v2\/users\/8"}],"replies":[{"embeddable":true,"href":"https:\/\/corrientesdetarde.com\/index.php\/wp-json\/wp\/v2\/comments?post=178129"}],"version-history":[{"count":1,"href":"https:\/\/corrientesdetarde.com\/index.php\/wp-json\/wp\/v2\/posts\/178129\/revisions"}],"predecessor-version":[{"id":178131,"href":"https:\/\/corrientesdetarde.com\/index.php\/wp-json\/wp\/v2\/posts\/178129\/revisions\/178131"}],"wp:featuredmedia":[{"embeddable":true,"href":"https:\/\/corrientesdetarde.com\/index.php\/wp-json\/wp\/v2\/media\/178130"}],"wp:attachment":[{"href":"https:\/\/corrientesdetarde.com\/index.php\/wp-json\/wp\/v2\/media?parent=178129"}],"wp:term":[{"taxonomy":"category","embeddable":true,"href":"https:\/\/corrientesdetarde.com\/index.php\/wp-json\/wp\/v2\/categories?post=178129"},{"taxonomy":"post_tag","embeddable":true,"href":"https:\/\/corrientesdetarde.com\/index.php\/wp-json\/wp\/v2\/tags?post=178129"}],"curies":[{"name":"wp","href":"https:\/\/api.w.org\/{rel}","templated":true}]}}