{"id":178218,"date":"2024-12-09T20:05:23","date_gmt":"2024-12-09T23:05:23","guid":{"rendered":"https:\/\/corrientesdetarde.com\/?p=178218"},"modified":"2024-12-09T20:05:35","modified_gmt":"2024-12-09T23:05:35","slug":"valdes-encabezo-el-lanzamiento-de-los-carnavales-provinciales-2025","status":"publish","type":"post","link":"https:\/\/corrientesdetarde.com\/index.php\/locales\/valdes-encabezo-el-lanzamiento-de-los-carnavales-provinciales-2025\/","title":{"rendered":"Vald\u00e9s encabez\u00f3 el lanzamiento de los Carnavales Provinciales 2025\u00a0"},"content":{"rendered":"\n<p>La iniciativa busca potenciar esta fiesta popular con la participaci\u00f3n de comparsas del interior en el Cors\u00f3dromo Nolo Al\u00edas. \u00c9stas, junto a Ar\u00e1 Ber\u00e1 y Sapucay de Capital, desfilar\u00e1n durante dos noches pugnando por el t\u00edtulo de campeona provincial. &#8220;Invertir en cultura nos va a dar satisfacciones enormes en el futuro y vamos a poder decir, como siempre, que Corrientes es la Capital Nacional del Carnaval&#8221;, declar\u00f3 el mandatario.<\/p>\n\n\n\n<p>En primer lugar, se dio lectura al Convenio suscripto entre el Gobierno de Corrientes y el Municipio de Capital para la organizaci\u00f3n y planificaci\u00f3n de los Carnavales Provinciales 2025, disponiendo de todas las medidas con el objetivo de potenciar, maximizar y promover la belleza, novedad, talento y originalidad de las presentaciones art\u00edsticas de los Carnavales.<\/p>\n\n\n\n<p>Asimismo, la Provincia realiza una fuerte inversi\u00f3n en obras destinadas al Cors\u00f3dromo Nolo Al\u00edas, como palco para la prensa, tribunas, palco oficial, palco para jurados, relleno e iluminaci\u00f3n de calzadas, estacionamiento y otras complementarias.<\/p>\n\n\n\n<p>El gobernador declar\u00f3 que es necesario entender a la Capital y al resto de la provincia &#8220;como una integralidad&#8221; para poder mostrar al pa\u00eds &#8220;lo que verdaderamente tiene nuestro carnaval&#8221;. Por eso, cont\u00f3, se decidi\u00f3 avanzar con la construcci\u00f3n de tribunas en el Cors\u00f3dromo: &#8220;En principio vamos a tener tribunas para entre 1600 a 2000 personas, mientras que en 2026 vamos a tener pr\u00e1cticamente todo terminado para darle m\u00e1s potencia a las comparsas y tener un mejor espect\u00e1culo&#8221;.<\/p>\n\n\n\n<p>&#8220;Por supuesto que este esfuerzo lo estamos llevando adelante con la Municipalidad, con el Gobierno Provincial, a trav\u00e9s del Ministerio de Turismo, de Cultura, de Loter\u00eda Correntina, con la organizaci\u00f3n sobre todo del Ministerio de Secretar\u00eda General&#8221;, detall\u00f3 el mandatario.<\/p>\n\n\n\n<p>Hizo hincapi\u00e9 en generar un producto que se atraiga la atenci\u00f3n a nivel nacional e internacional, porque &#8220;muchas veces nosotros nos conformamos por mirarnos nosotros mismos&#8221;. A la vez, inform\u00f3 que por cada peso que se invierte en el Carnaval, la provincia recibe otros siete en concepto de turismo. &#8220;Apostamos a que la familia comparsera pueda tener recursos para ir decorando ese espect\u00e1culo que es maravilloso&#8221;.<\/p>\n\n\n\n<p>Vald\u00e9s cerr\u00f3 su discurso diciendo que invertir en cultura &#8220;nos va a dar satisfacciones enormes en el futuro y vamos a poder decir, como siempre, que Corrientes es la Capital Nacional del Carnaval&#8221;.<\/p>\n\n\n\n<p><strong>Detalles del Carnaval Provincial<\/strong><\/p>\n\n\n\n<p>&#8220;Estamos en presencia de una edici\u00f3n diferente, que representa un enorme desaf\u00edo de log\u00edstica al tener dos competencias que se desarrollar\u00e1n entre el 1 de febrero y el 3 de marzo, con 10 noches de desfiles, 3 shows de Comparsas y duelo de bater\u00edas&#8221;, detall\u00f3 Esteban Centeno, en representaci\u00f3n de la empresa De la Estrella, organizadora de los Carnavales. Acot\u00f3 que se podr\u00e1 ver un mix de competencias con las comparsas y agrupaciones que participan de la ciudad de Corrientes y este a\u00f1o &#8220;vamos a contar con comparsas del interior, lo que va a redundar en una competencia con dos campeonatos&#8221;.<\/p>\n\n\n\n<p>Respecto a c\u00f3mo ser\u00e1 la competencia provincial, Centeno coment\u00f3 que las comparsas del interior participantes ser\u00e1n: Anah\u00ed (Bella Vista), Marab\u00fa (Santo Tom\u00e9), Car\u00fan Ber\u00e1 (Monte Caseros), Poderosa (Ituzaing\u00f3), Car\u00fa Cur\u00e1 (Esquina), Carumb\u00e9 (Paso de los Libres) y Pitog\u00fce (Curuz\u00fa Cuati\u00e1), quienes junto a las capitalinas Ar\u00e1 Ber\u00e1 y Sapucay, durante dos noches van a desfilar en el Cors\u00f3dromo y pugnar por el t\u00edtulo de campeona provincial.<\/p>\n\n\n\n<p>&#8220;Se van a brindar las condiciones para que puedan competir de igual a igual entre todas, para lo cual estamos trabajando en un reglamento que sea equitativo, con paridad para todas&#8221;, enfatiz\u00f3 Centeno.<\/p>\n\n\n\n<p>Luego, puso de relieve que el Cors\u00f3dromo va a estar en \u00f3ptimas condiciones, ofreciendo todas las comodidades al p\u00fablico, con estacionamiento y servicios, como as\u00ed tambi\u00e9n para los comparseros y sus vestuarios.<\/p>\n\n\n\n<p>&#8220;No tenemos dudas que estos Carnavales van a representar un movimiento muy grande para la ciudad en lo tur\u00edstico, econ\u00f3mico y en la hoteler\u00eda&#8221;, concluy\u00f3 Centeno.<\/p>\n\n\n\n<p><strong>Ministra Eliciri<\/strong><\/p>\n\n\n\n<p>&#8220;Estamos muy contentos de poder organizar una vez m\u00e1s nuestros Carnavales, que tienen que ver con el ser y la identidad de los correntinos&#8221;, manifest\u00f3 inicialmente la ministra de Turismo, Alejandra Eliciri, en el marco de la presentaci\u00f3n, destacando que Corrientes tiene para &#8220;ofrecer naturaleza, cultura, arte y el carnaval es una de nuestras m\u00e1ximas expresiones&#8221;.<\/p>\n\n\n\n<p>La ministra destac\u00f3 que la temporada 2025 Corrientes la va a iniciar con la Fiesta Nacional del Chamam\u00e9 y luego ser\u00e1 el turno de los Carnavales, que en &#8220;esta edici\u00f3n tendr\u00e1n car\u00e1cter provincial&#8221;, se\u00f1alando luego Eliciri que &#8220;vamos a tener el gusto de ver en acci\u00f3n a comparsas del interior, generando una movida muy importante&#8221;.<\/p>\n\n\n\n<p>Para finalizar, la ministra expres\u00f3 que es intensa la campa\u00f1a de promoci\u00f3n, apostando a que Corrientes sea un destino tur\u00edstico por excelencia, con m\u00faltiples propuestas, siendo el carnaval una de ellas.<\/p>\n\n\n\n<p><strong>Intendente Tassano<\/strong><\/p>\n\n\n\n<p>Tambi\u00e9n se dirigi\u00f3 a los presentes en el Sal\u00f3n Amarillo el intendente de la ciudad de Corrientes, Eduardo Tassano, resaltando en primer lugar que con el &#8220;gobernador Gustavo Vald\u00e9s, tomamos desde el primer d\u00eda a los carnavales como pol\u00edtica de estado, por todo lo que significa para el desarrollo econ\u00f3mico de la Capital&#8221;.<\/p>\n\n\n\n<p>&#8220;El carnaval es una inversi\u00f3n a presente y a futuro que nos obliga a modernizar y embellecer la ciudad, generado muchos puestos de trabajo&#8221;, remarc\u00f3 Tassano.<\/p>\n\n\n\n<p>Para el jefe comunal, el esfuerzo y el aporte del Gobierno provincial es &#8220;muy importante para organizar este evento, trabajando codo a codo con los equipos municipales&#8221;.<\/p>\n\n\n\n<p>Continuando, Tassano dijo que &#8220;Corrientes se ha posicionado como uno de los puntos tur\u00edsticos m\u00e1s importantes del pa\u00eds&#8221; y esta idea de provincializar el Carnaval y darles lugar a las comparsas del interior es un &#8220;gran paso para esta fiesta que es parte de la identidad y est\u00e1 en el alma de los correntinos&#8221;.<\/p>\n","protected":false},"excerpt":{"rendered":"<p>La iniciativa busca potenciar esta fiesta popular con la participaci\u00f3n de comparsas del interior en el Cors\u00f3dromo Nolo Al\u00edas. \u00c9stas, junto a Ar\u00e1 Ber\u00e1 y Sapucay de Capital, desfilar\u00e1n durante&hellip; <\/p>\n","protected":false},"author":4,"featured_media":178219,"comment_status":"closed","ping_status":"open","sticky":false,"template":"","format":"standard","meta":{"footnotes":""},"categories":[8],"tags":[],"class_list":["post-178218","post","type-post","status-publish","format-standard","has-post-thumbnail","hentry","category-locales"],"_links":{"self":[{"href":"https:\/\/corrientesdetarde.com\/index.php\/wp-json\/wp\/v2\/posts\/178218","targetHints":{"allow":["GET"]}}],"collection":[{"href":"https:\/\/corrientesdetarde.com\/index.php\/wp-json\/wp\/v2\/posts"}],"about":[{"href":"https:\/\/corrientesdetarde.com\/index.php\/wp-json\/wp\/v2\/types\/post"}],"author":[{"embeddable":true,"href":"https:\/\/corrientesdetarde.com\/index.php\/wp-json\/wp\/v2\/users\/4"}],"replies":[{"embeddable":true,"href":"https:\/\/corrientesdetarde.com\/index.php\/wp-json\/wp\/v2\/comments?post=178218"}],"version-history":[{"count":1,"href":"https:\/\/corrientesdetarde.com\/index.php\/wp-json\/wp\/v2\/posts\/178218\/revisions"}],"predecessor-version":[{"id":178220,"href":"https:\/\/corrientesdetarde.com\/index.php\/wp-json\/wp\/v2\/posts\/178218\/revisions\/178220"}],"wp:featuredmedia":[{"embeddable":true,"href":"https:\/\/corrientesdetarde.com\/index.php\/wp-json\/wp\/v2\/media\/178219"}],"wp:attachment":[{"href":"https:\/\/corrientesdetarde.com\/index.php\/wp-json\/wp\/v2\/media?parent=178218"}],"wp:term":[{"taxonomy":"category","embeddable":true,"href":"https:\/\/corrientesdetarde.com\/index.php\/wp-json\/wp\/v2\/categories?post=178218"},{"taxonomy":"post_tag","embeddable":true,"href":"https:\/\/corrientesdetarde.com\/index.php\/wp-json\/wp\/v2\/tags?post=178218"}],"curies":[{"name":"wp","href":"https:\/\/api.w.org\/{rel}","templated":true}]}}