{"id":178226,"date":"2024-12-09T22:20:11","date_gmt":"2024-12-10T01:20:11","guid":{"rendered":"https:\/\/corrientesdetarde.com\/?p=178226"},"modified":"2024-12-09T22:20:16","modified_gmt":"2024-12-10T01:20:16","slug":"pareja-nacional-del-chamame-conoce-a-los-nuevos-embajadores-de-la-mayor-fiesta-chamamecera-del-pais","status":"publish","type":"post","link":"https:\/\/corrientesdetarde.com\/index.php\/actualidad\/pareja-nacional-del-chamame-conoce-a-los-nuevos-embajadores-de-la-mayor-fiesta-chamamecera-del-pais\/","title":{"rendered":"Pareja Nacional del Chamam\u00e9: conoc\u00e9 a los nuevos embajadores de la mayor fiesta chamamecera del pa\u00eds"},"content":{"rendered":"\n<p>Luego de meses de selectivos, m\u00e1s de 400 artistas participaron de la Gran Final de Cert\u00e1menes Pre Fiesta Nacional del Chamam\u00e9. En esta ocasi\u00f3n, se presentaron 65 obras de rescate y hubo competencia en rubros de vertiente m\u00fasica y danza.&nbsp;<\/p>\n\n\n\n<p>Una intensa y emotiva jornada se vivi\u00f3 este domingo en la Sociedad Cultural Israelita con la Gran Final de los cert\u00e1menes Pre Fiesta del Chamam\u00e9, organizados por el Instituto de Cultura de Corrientes. Despu\u00e9s de horas de competencia, el jurado anunci\u00f3 a los ganadores que accedieron de esta manera a un lugar en la programaci\u00f3n art\u00edstica de la 34\u00aa Fiesta Nacional del Chamam\u00e9, a desarrollarse del 17 al 26 de enero de 2025, en el anfiteatro Mario del Tr\u00e1nsito Cocomarola.<br>En este marco se eligieron tambi\u00e9n a las parejas nacionales que ser\u00e1n embajadoras de la Fiesta en el pa\u00eds y el mundo. Los hermanos Erika y Marcelo Aguirre (sede Corrientes Capital) se consagraron como la nueva Pareja Nacional del Chamam\u00e9 de la 34\u00aa Fiesta Nacional del Chamam\u00e9, 20\u00aa del MERCOSUR y 4\u00aa Celebraci\u00f3n Mundial; en tanto, Morena Guadalupe Mbaruqu\u00e9 y Axel Emanuel Figueroa lo hicieron como Pareja Nacional Juvenil del Chamam\u00e9.<\/p>\n\n\n\n<p>En el caso de los juveniles, son oriundos de San Miguel, pero representaron a la Sede Bella Vista. Adem\u00e1s, cabe se\u00f1alar que obtuvieron &#8220;Menci\u00f3n Especial&#8221; en el 2023, lo que les otorg\u00f3 el pase directo a la Gran Final 2024.<\/p>\n\n\n\n<p>La presidente del Instituto de Cultura de Corrientes, Beatriz Kunin, estuvo presente durante la jornada de competencia y felicit\u00f3 a los participantes, &#8220;vemos un enorme talento en cada una de las presentaciones de esta Gran Final y eso nos alegra mucho porque significa que el chamam\u00e9 tiene un futuro prometedor con esa nueva camada de j\u00f3venes artistas&#8221;.<\/p>\n\n\n\n<p>Participantes<\/p>\n\n\n\n<p>Luego de meses de selectivos, m\u00e1s de 400 artistas participaron de la Gran Final de Cert\u00e1menes Pre Fiesta Nacional del Chamam\u00e9. En esta ocasi\u00f3n, se presentaron 65 obras de rescate y hubo competencia en rubros de vertiente m\u00fasica y danza.<\/p>\n\n\n\n<p>Este certamen tiene como finalidad la promoci\u00f3n de nuevos creadores e int\u00e9rpretes del chamam\u00e9, que se expresen a trav\u00e9s de la danza o de la m\u00fasica. Aspira a estimular especialmente la participaci\u00f3n de los j\u00f3venes, otorg\u00e1ndoles la posibilidad de mostrarlos en la m\u00e1s grande vidriera mundial del g\u00e9nero y compartir escenario junto a artistas ya consagrados.<\/p>\n\n\n\n<figure class=\"wp-block-image\"><img decoding=\"async\" src=\"https:\/\/www.lt7noticias.com\/content\/bucket\/9\/70999w790h790c.jpg.webp\" alt=\"\"\/><\/figure>\n\n\n\n<p>Seleccionados<\/p>\n\n\n\n<p>Concluidas las presentaciones, la coordinadora general de la Pre Fiesta, Margarita Mambrin y los jurados de danza y m\u00fasica fueron los encargados de anunciar los ganadores en cada uno de los rubros.<\/p>\n\n\n\n<p>El jurado t\u00e9cnico de la vertiente danza estuvo integrado por los profesores Gabriela \u00c1valos, Ra\u00fal Cerd\u00e1n Aguirre y Cristian Ibarrola; y de la vertiente m\u00fasica, por los profesores Juan Francisco Cabrera, Fabio Acevedo y Marcelo Cueva.<\/p>\n\n\n\n<p>VERTIENTE M\u00daSICA:<\/p>\n\n\n\n<p>Rubro Solista Vocal Femenino: Anah\u00ed de los \u00c1ngeles Ram\u00edrez \u2013 Sede Ca\u00e1 Cat\u00ed, Corrientes<\/p>\n\n\n\n<p>Rubro Solista Vocal Masculino: Jos\u00e9 Luis Pimienta \u2013 Sede Villa \u00c1ngela, Chaco<\/p>\n\n\n\n<p>Rubro Solista Instrumental: Daniel Ezequiel Moreyra \u2013 Sede Fontana, Chaco<\/p>\n\n\n\n<p>Rubro Conjunto Vocal-Instrumental Tradicional:<\/p>\n\n\n\n<p>Conjunto &#8220;M\u00e9lani y Abigail&#8221; \u2013 Sede Juegos Culturales Correntino \u2013 Colonia Liebig, Corrientes<\/p>\n\n\n\n<p>Rubro Conjunto Instrumental Tradicional: &#8220;Los del Litoral&#8221; \u2013 Sede Sauce, Corrientes<\/p>\n\n\n\n<p>Rubro D\u00fao Vocal-Instrumental Tradicional: &#8220;N\u00fa\u00f1ez \u2013 N\u00fa\u00f1ez \u2013 Sede Fontana, Chaco<\/p>\n\n\n\n<p>Rubro D\u00fao Instrumental Tradicional: &#8220;Monje y Alegre&#8221; \u2013 Sede San Miguel, Corrientes<\/p>\n\n\n\n<p>Rubro Canci\u00f3n In\u00e9dita: DESIERTO<\/p>\n\n\n\n<p>Rubro Pieza In\u00e9dita Instrumental: SIN CONCURSANTES<\/p>\n\n\n\n<p>Rubro Recitador: DESIERTO<\/p>\n\n\n\n<p>VERTIENTE DANZA:<\/p>\n\n\n\n<p>Rubro Pareja de Baile de Proyecci\u00f3n: SIN CONCURSANTES<\/p>\n\n\n\n<p>Ballet Forma Tradicional: Ballet San Juan Bautista \u2013 Sede Corrientes Capital<\/p>\n\n\n\n<p>Rubro Ballet de Proyecci\u00f3n: DESIERTO<\/p>\n\n\n\n<p>Rubro Pareja de Baile Tradicional \u2013 Categor\u00eda &#8220;B&#8221;:<\/p>\n\n\n\n<p>PAREJA NACIONAL JUVENIL DEL CHAMAM\u00c9 2025:<\/p>\n\n\n\n<p>Morena Guadalupe Mbaruqu\u00e9 \u2013 Axel Emanuel Figueroa<\/p>\n\n\n\n<p>Menci\u00f3n Especial Gran Final 2023 \u2013 Sede Bella Vista, Corrientes<\/p>\n\n\n\n<p>Rubro Pareja de Baile Tradicional \u2013 Categor\u00eda &#8220;A&#8221;:<\/p>\n\n\n\n<p>PAREJA NACIONAL DEL CHAMAM\u00c9 2025:<\/p>\n\n\n\n<p>Erika Aguirre \u2013 Marcelo Aguirre &#8211; Sede Corrientes, Capital<\/p>\n\n\n\n<p>MENCI\u00d3N ESPECIAL:<\/p>\n\n\n\n<p>Rubro Pareja de Baile Tradicional \u2013 Categor\u00eda &#8220;B&#8221;:<\/p>\n\n\n\n<p>Aymar\u00e1 Estefan\u00eda Torres Leguizam\u00f3n \u2013 Francisco Sebasti\u00e1n Borda<\/p>\n\n\n\n<p>Sede Gobernador Mart\u00ednez, Corrientes.<\/p>\n\n\n\n<p>MENCI\u00d3N ESPECIAL:<\/p>\n\n\n\n<p>Rubro Pareja de Baile Tradicional \u2013 Categor\u00eda &#8220;A:<\/p>\n\n\n\n<p>Florencia Mar\u00eda Mart\u00ednez \u2013 Nicol\u00e1s Alejandro Ellemberger \u2013 Sede Bella Vista, Corrientes<\/p>\n\n\n\n<p>Rubro Solista Vocal masculino: Elisa Aldana Barboza \u2013 Sede Fontana, Chaco<\/p>\n\n\n\n<p>OBSERVACI\u00d3N: atento al Art\u00edculo 34to, inciso &#8220;a&#8221;: Los concursantes que en la Gran Final obtuvieron &#8220;Menci\u00f3n Especial&#8221;, en cualquiera de los rubros, tendr\u00e1n el beneficio de pasar directamente a la instancia de Gran Final de Cert\u00e1menes Pre Fiesta de la pr\u00f3xima edici\u00f3n.<\/p>\n\n\n\n<p>Jurado T\u00e9cnico Vertiente Danza<\/p>\n\n\n\n<p>Prof. Gabriela \u00c1valos<\/p>\n\n\n\n<p>Prof. Ra\u00fal Cerd\u00e1n Aguirre<\/p>\n\n\n\n<p>Prof. Cristian Ibarrola<\/p>\n\n\n\n<p>Jurado T\u00e9cnico Vertiente M\u00fasica<\/p>\n\n\n\n<p>Prof. Juan Francisco Cabrera<\/p>\n\n\n\n<p>Prof. Fabio Acevedo<\/p>\n\n\n\n<p>Prof. Marcelo Cueva<\/p>\n\n\n\n<p>Textos: Prof. Eva Silvero<\/p>\n\n\n\n<p>Asistencia de producci\u00f3n: Maru Mambr\u00edn y Javier Romero<\/p>\n\n\n\n<p>Coordinaci\u00f3n general \/\/ Producci\u00f3n art\u00edstica de Cert\u00e1menes Pre Fiesta Nacional del<\/p>\n\n\n\n<p>Chamam\u00e9: Lic. Margarita Mambr\u00edn. Producci\u00f3n General: Instituto de Cultura Corrientes.<\/p>\n","protected":false},"excerpt":{"rendered":"<p>Luego de meses de selectivos, m\u00e1s de 400 artistas participaron de la Gran Final de Cert\u00e1menes Pre Fiesta Nacional del Chamam\u00e9. En esta ocasi\u00f3n, se presentaron 65 obras de rescate&hellip; <\/p>\n","protected":false},"author":4,"featured_media":178227,"comment_status":"closed","ping_status":"open","sticky":false,"template":"","format":"standard","meta":{"footnotes":""},"categories":[23],"tags":[],"class_list":["post-178226","post","type-post","status-publish","format-standard","has-post-thumbnail","hentry","category-actualidad"],"_links":{"self":[{"href":"https:\/\/corrientesdetarde.com\/index.php\/wp-json\/wp\/v2\/posts\/178226","targetHints":{"allow":["GET"]}}],"collection":[{"href":"https:\/\/corrientesdetarde.com\/index.php\/wp-json\/wp\/v2\/posts"}],"about":[{"href":"https:\/\/corrientesdetarde.com\/index.php\/wp-json\/wp\/v2\/types\/post"}],"author":[{"embeddable":true,"href":"https:\/\/corrientesdetarde.com\/index.php\/wp-json\/wp\/v2\/users\/4"}],"replies":[{"embeddable":true,"href":"https:\/\/corrientesdetarde.com\/index.php\/wp-json\/wp\/v2\/comments?post=178226"}],"version-history":[{"count":1,"href":"https:\/\/corrientesdetarde.com\/index.php\/wp-json\/wp\/v2\/posts\/178226\/revisions"}],"predecessor-version":[{"id":178228,"href":"https:\/\/corrientesdetarde.com\/index.php\/wp-json\/wp\/v2\/posts\/178226\/revisions\/178228"}],"wp:featuredmedia":[{"embeddable":true,"href":"https:\/\/corrientesdetarde.com\/index.php\/wp-json\/wp\/v2\/media\/178227"}],"wp:attachment":[{"href":"https:\/\/corrientesdetarde.com\/index.php\/wp-json\/wp\/v2\/media?parent=178226"}],"wp:term":[{"taxonomy":"category","embeddable":true,"href":"https:\/\/corrientesdetarde.com\/index.php\/wp-json\/wp\/v2\/categories?post=178226"},{"taxonomy":"post_tag","embeddable":true,"href":"https:\/\/corrientesdetarde.com\/index.php\/wp-json\/wp\/v2\/tags?post=178226"}],"curies":[{"name":"wp","href":"https:\/\/api.w.org\/{rel}","templated":true}]}}