{"id":178235,"date":"2024-12-09T22:39:34","date_gmt":"2024-12-10T01:39:34","guid":{"rendered":"https:\/\/corrientesdetarde.com\/?p=178235"},"modified":"2024-12-09T22:39:45","modified_gmt":"2024-12-10T01:39:45","slug":"otra-masacre-de-los-pandilleros-en-haiti-asesinaron-a-al-menos-184-personas","status":"publish","type":"post","link":"https:\/\/corrientesdetarde.com\/index.php\/internacionales\/otra-masacre-de-los-pandilleros-en-haiti-asesinaron-a-al-menos-184-personas\/","title":{"rendered":"Otra masacre de los pandilleros en Hait\u00ed: asesinaron a al menos 184 personas"},"content":{"rendered":"\n<h2 class=\"wp-block-heading\">Lo dispuso el jefe de una banda criminal porque entendi\u00f3 que su hijo muri\u00f3 a causa de la magia vud\u00fa y atac\u00f3 a quienes la practicaban.<\/h2>\n\n\n\n<p><strong>Los pandilleros asesinaron en Hait\u00ed a al menos 184 personas<\/strong>&nbsp;debido a violencias orquestadas por el jefe de una banda criminal que atribuy\u00f3 la muerte de su hijo a una maldici\u00f3n hecha por practicantes del vud\u00fa, informaron medios internacionales.<\/p>\n\n\n\n<p>Esta nueva&nbsp;<strong>masacre&nbsp;<\/strong>hace aumentar el balance de fallecidos debido a la violencia en Hait\u00ed que en lo que va del a\u00f1o a 5.000 v\u00edctimas.<\/p>\n\n\n\n<p><strong>&#8220;S\u00f3lo este fin de semana, al menos 184 personas fueron asesinadas en violencias orquestadas por el jefe de de una poderosa banda en la capital haitiana, en el barrio de Cit\u00e9 Soleil&#8221;,&nbsp;<\/strong>declar\u00f3 Volker T\u00fcrk, el Alto Comisionado de las Naciones Unidas para los derechos humanos, durante una conferencia de prensa en Ginebra, Suiza.<\/p>\n\n\n\n<p>El l\u00edder de una coalici\u00f3n de&nbsp;<strong>pandillas<\/strong>, Monel F\u00e9lix, consult\u00f3 a un brujo vud\u00fa (religi\u00f3n muy arraigada en la isla) para pedirle ayuda por la repentina enfermedad que contrajo su hijo y obtuvo como respuesta que la misma se deb\u00eda a una maldici\u00f3n hecha por los ancianos de Wharf Jeremie, un distrito de Cit\u00e9 Soleil, el barrio marginal m\u00e1s conocido de la capital.<\/p>\n\n\n\n<p>As\u00ed lo inform\u00f3&nbsp;<strong>la ONG El Combinado para la Paz y el Desarrollo<\/strong>, mientras que las fuentes consultadas por el diario estadounidense New York Times, los ataques fueron llevados a cabo entre el viernes y el s\u00e1bado de la semana pasada, luego de la muerte del hijo del pandillero.<\/p>\n\n\n\n<p>La mayor\u00eda de las&nbsp;<strong>v\u00edctimas&nbsp;<\/strong>de estos ataques fueron mujeres y ancianos, sus cuerpos aparecieron mutilados y quemados en las calles, reflej\u00f3 France 24. &nbsp;<\/p>\n","protected":false},"excerpt":{"rendered":"<p>Lo dispuso el jefe de una banda criminal porque entendi\u00f3 que su hijo muri\u00f3 a causa de la magia vud\u00fa y atac\u00f3 a quienes la practicaban. Los pandilleros asesinaron en&hellip; <\/p>\n","protected":false},"author":4,"featured_media":178236,"comment_status":"closed","ping_status":"open","sticky":false,"template":"","format":"standard","meta":{"footnotes":""},"categories":[11],"tags":[],"class_list":["post-178235","post","type-post","status-publish","format-standard","has-post-thumbnail","hentry","category-internacionales"],"_links":{"self":[{"href":"https:\/\/corrientesdetarde.com\/index.php\/wp-json\/wp\/v2\/posts\/178235","targetHints":{"allow":["GET"]}}],"collection":[{"href":"https:\/\/corrientesdetarde.com\/index.php\/wp-json\/wp\/v2\/posts"}],"about":[{"href":"https:\/\/corrientesdetarde.com\/index.php\/wp-json\/wp\/v2\/types\/post"}],"author":[{"embeddable":true,"href":"https:\/\/corrientesdetarde.com\/index.php\/wp-json\/wp\/v2\/users\/4"}],"replies":[{"embeddable":true,"href":"https:\/\/corrientesdetarde.com\/index.php\/wp-json\/wp\/v2\/comments?post=178235"}],"version-history":[{"count":1,"href":"https:\/\/corrientesdetarde.com\/index.php\/wp-json\/wp\/v2\/posts\/178235\/revisions"}],"predecessor-version":[{"id":178237,"href":"https:\/\/corrientesdetarde.com\/index.php\/wp-json\/wp\/v2\/posts\/178235\/revisions\/178237"}],"wp:featuredmedia":[{"embeddable":true,"href":"https:\/\/corrientesdetarde.com\/index.php\/wp-json\/wp\/v2\/media\/178236"}],"wp:attachment":[{"href":"https:\/\/corrientesdetarde.com\/index.php\/wp-json\/wp\/v2\/media?parent=178235"}],"wp:term":[{"taxonomy":"category","embeddable":true,"href":"https:\/\/corrientesdetarde.com\/index.php\/wp-json\/wp\/v2\/categories?post=178235"},{"taxonomy":"post_tag","embeddable":true,"href":"https:\/\/corrientesdetarde.com\/index.php\/wp-json\/wp\/v2\/tags?post=178235"}],"curies":[{"name":"wp","href":"https:\/\/api.w.org\/{rel}","templated":true}]}}