{"id":178242,"date":"2024-12-09T23:26:06","date_gmt":"2024-12-10T02:26:06","guid":{"rendered":"https:\/\/corrientesdetarde.com\/?p=178242"},"modified":"2024-12-09T23:26:18","modified_gmt":"2024-12-10T02:26:18","slug":"avon-cerro-su-planta-de-san-fernando-y-despidio-a-casi-300-trabajadores","status":"publish","type":"post","link":"https:\/\/corrientesdetarde.com\/index.php\/economia\/avon-cerro-su-planta-de-san-fernando-y-despidio-a-casi-300-trabajadores\/","title":{"rendered":"Avon cerr\u00f3 su planta de San Fernando y despidi\u00f3 a casi 300 trabajadores"},"content":{"rendered":"\n<h2 class=\"wp-block-heading\">La empresa comunic\u00f3 la decisi\u00f3n a los operarios a trav\u00e9s de llamadas telef\u00f3nicas.<\/h2>\n\n\n\n<p>La empresa de cosm\u00e9ticos\u00a0<strong>Natura<\/strong>, propietaria de\u00a0<strong>Avon<\/strong>, cerr\u00f3 la planta de distribuci\u00f3n de San Fernando, provincia de Buenos Aires,\u00a0y despidi\u00f3 a\u00a0<strong>278 trabajadores<\/strong>\u00a0a trav\u00e9s de llamadas telef\u00f3nicas.<\/p>\n\n\n\n<p>El fabricante brasile\u00f1o lleva adelante un plan de reestructuraci\u00f3n del negocio de Avon en el pa\u00eds, y que hab\u00eda abierto, en una primera etapa,&nbsp;<strong>retiros voluntarios<\/strong>.<\/p>\n\n\n\n<p>La principal av\u00edcola del pa\u00eds se declar\u00f3 en crisis y busca reducir salarios o despedir 700 empleados<\/p>\n\n\n\n<p>La empresa comunic\u00f3 la decisi\u00f3n a los operarios a trav\u00e9s de llamadas telef\u00f3nicas en las \u00faltimas horas, aunque a\u00fan no recibieron los&nbsp;<strong>telegramas de despido formales<\/strong>.<\/p>\n\n\n\n<p>Los casi 300 trabajadores recibieron llamados telef\u00f3nicos el fin de semana con la comunicaci\u00f3n de que iba a cerrar la planta y que se concretar\u00eda el despido.&nbsp;<\/p>\n\n\n\n<p>Este lunes, cuando llegaron a su lugar de trabajo, se les prohibi\u00f3 el ingreso, pese a que a\u00fan no ten\u00edan telegramas de despido.<\/p>\n\n\n\n<p>La empresa de cosm\u00e9ticos Avon tuvo sus inicios en&nbsp;<strong>Estados Unidos<\/strong>&nbsp;a fines del siglo XIX y lleg\u00f3 a la&nbsp;<strong>Argentina<\/strong>&nbsp;a en los a\u00f1os 70, con una primera planta industrial ubicada en&nbsp;<strong>Moreno<\/strong>, a la que se sum\u00f3 pocos a\u00f1os despu\u00e9s el centro de&nbsp;<strong>San Fernando<\/strong>&nbsp;y una planta en&nbsp;<strong>Gar\u00edn<\/strong>.<\/p>\n\n\n\n<p>En 2020, la empresa brasilera Natura compr\u00f3 Avon y se convirti\u00f3 en el cuarto grupo empresarial de empresas de belleza y cosm\u00e9ticos, al tiempo que creci\u00f3 durante la pandemia gracias a la inversi\u00f3n y el crecimiento digital a trav\u00e9s de la&nbsp;<strong>venta on-line<\/strong>.&nbsp;<\/p>\n\n\n\n<p>Herramientas como el&nbsp;<strong>cat\u00e1logo virtual Avon<\/strong>&nbsp;ayudaron a aumentar las ventas digitales, que aumentaron un&nbsp;<strong>132 % a nivel global<\/strong>.<\/p>\n","protected":false},"excerpt":{"rendered":"<p>La empresa comunic\u00f3 la decisi\u00f3n a los operarios a trav\u00e9s de llamadas telef\u00f3nicas. La empresa de cosm\u00e9ticos\u00a0Natura, propietaria de\u00a0Avon, cerr\u00f3 la planta de distribuci\u00f3n de San Fernando, provincia de Buenos&hellip; <\/p>\n","protected":false},"author":4,"featured_media":178243,"comment_status":"closed","ping_status":"open","sticky":false,"template":"","format":"standard","meta":{"footnotes":""},"categories":[20],"tags":[],"class_list":["post-178242","post","type-post","status-publish","format-standard","has-post-thumbnail","hentry","category-economia"],"_links":{"self":[{"href":"https:\/\/corrientesdetarde.com\/index.php\/wp-json\/wp\/v2\/posts\/178242","targetHints":{"allow":["GET"]}}],"collection":[{"href":"https:\/\/corrientesdetarde.com\/index.php\/wp-json\/wp\/v2\/posts"}],"about":[{"href":"https:\/\/corrientesdetarde.com\/index.php\/wp-json\/wp\/v2\/types\/post"}],"author":[{"embeddable":true,"href":"https:\/\/corrientesdetarde.com\/index.php\/wp-json\/wp\/v2\/users\/4"}],"replies":[{"embeddable":true,"href":"https:\/\/corrientesdetarde.com\/index.php\/wp-json\/wp\/v2\/comments?post=178242"}],"version-history":[{"count":1,"href":"https:\/\/corrientesdetarde.com\/index.php\/wp-json\/wp\/v2\/posts\/178242\/revisions"}],"predecessor-version":[{"id":178244,"href":"https:\/\/corrientesdetarde.com\/index.php\/wp-json\/wp\/v2\/posts\/178242\/revisions\/178244"}],"wp:featuredmedia":[{"embeddable":true,"href":"https:\/\/corrientesdetarde.com\/index.php\/wp-json\/wp\/v2\/media\/178243"}],"wp:attachment":[{"href":"https:\/\/corrientesdetarde.com\/index.php\/wp-json\/wp\/v2\/media?parent=178242"}],"wp:term":[{"taxonomy":"category","embeddable":true,"href":"https:\/\/corrientesdetarde.com\/index.php\/wp-json\/wp\/v2\/categories?post=178242"},{"taxonomy":"post_tag","embeddable":true,"href":"https:\/\/corrientesdetarde.com\/index.php\/wp-json\/wp\/v2\/tags?post=178242"}],"curies":[{"name":"wp","href":"https:\/\/api.w.org\/{rel}","templated":true}]}}