{"id":178253,"date":"2024-12-10T00:08:01","date_gmt":"2024-12-10T03:08:01","guid":{"rendered":"https:\/\/corrientesdetarde.com\/?p=178253"},"modified":"2024-12-10T00:08:13","modified_gmt":"2024-12-10T03:08:13","slug":"entre-rios-firmo-una-carta-de-intencion-tras-la-adhesion-al-regimen-de-extincion-de-obligaciones-reciprocas","status":"publish","type":"post","link":"https:\/\/corrientesdetarde.com\/index.php\/economia\/entre-rios-firmo-una-carta-de-intencion-tras-la-adhesion-al-regimen-de-extincion-de-obligaciones-reciprocas\/","title":{"rendered":"Entre R\u00edos firm\u00f3 una carta de intenci\u00f3n tras la adhesi\u00f3n al R\u00e9gimen de Extinci\u00f3n de Obligaciones Rec\u00edprocas"},"content":{"rendered":"\n<h2 class=\"wp-block-heading\">Apunta a facilitar el proceso de saneamiento de las cuentas p\u00fablicas<\/h2>\n\n\n\n<p>El ministro de Econom\u00eda, Luis Caputo, encabez\u00f3 este hoy un encuentro en el que el gobernador de Entre R\u00edos, Rogelio Frigerio, firm\u00f3 una carta de intenci\u00f3n tras la adhesi\u00f3n voluntaria de la provincia al R\u00e9gimen de Extinci\u00f3n de Obligaciones Rec\u00edprocas, que apunta a facilitar el proceso de saneamiento de las cuentas p\u00fablicas.&nbsp;<\/p>\n\n\n\n<p>En esta l\u00ednea, el R\u00e9gimen creado Decreto N\u00ba 969\/2024 permite extinguir, total o parcialmente, las obligaciones rec\u00edprocas entre las jurisdicciones permitiendo, de esta manera, instrumentar el saneamiento definitivo de las situaciones financieras.<\/p>\n\n\n\n<p>El R\u00e9gimen permite acordar compensaciones, conciliaciones, transacciones, reconocimientos, remisiones y toda otra operaci\u00f3n que tienda a la determinaci\u00f3n y cancelaci\u00f3n de las deudas rec\u00edprocas y\/o cr\u00e9ditos entre las partes.&nbsp;<\/p>\n\n\n\n<p>En este sentido, el R\u00e9gimen contribuir\u00e1 a ordenar la situaci\u00f3n financiera entre las jurisdicciones, saldar deudas de a\u00f1os previos y avanzar en una nueva relaci\u00f3n fiscal federal, inform\u00f3 el Ministerio de Econom\u00eda en un comunicado.<\/p>\n\n\n\n<p>Hasta la fecha son 11 jurisdicciones que manifestaron la voluntad de ingresar al R\u00e9gimen para trabajar en simplificar las deudas y acreencias entre la Naci\u00f3n y las provincias.&nbsp;<\/p>\n\n\n\n<p>Entre ellas se encuentran Catamarca, Corrientes, Chaco, Chubut, Entre R\u00edos, Jujuy, La Pampa, Misiones, Salta, Santa Cruz y Tucum\u00e1n.<\/p>\n\n\n\n<p><\/p>\n","protected":false},"excerpt":{"rendered":"<p>Apunta a facilitar el proceso de saneamiento de las cuentas p\u00fablicas El ministro de Econom\u00eda, Luis Caputo, encabez\u00f3 este hoy un encuentro en el que el gobernador de Entre R\u00edos,&hellip; <\/p>\n","protected":false},"author":4,"featured_media":178254,"comment_status":"closed","ping_status":"open","sticky":false,"template":"","format":"standard","meta":{"footnotes":""},"categories":[20],"tags":[],"class_list":["post-178253","post","type-post","status-publish","format-standard","has-post-thumbnail","hentry","category-economia"],"_links":{"self":[{"href":"https:\/\/corrientesdetarde.com\/index.php\/wp-json\/wp\/v2\/posts\/178253","targetHints":{"allow":["GET"]}}],"collection":[{"href":"https:\/\/corrientesdetarde.com\/index.php\/wp-json\/wp\/v2\/posts"}],"about":[{"href":"https:\/\/corrientesdetarde.com\/index.php\/wp-json\/wp\/v2\/types\/post"}],"author":[{"embeddable":true,"href":"https:\/\/corrientesdetarde.com\/index.php\/wp-json\/wp\/v2\/users\/4"}],"replies":[{"embeddable":true,"href":"https:\/\/corrientesdetarde.com\/index.php\/wp-json\/wp\/v2\/comments?post=178253"}],"version-history":[{"count":1,"href":"https:\/\/corrientesdetarde.com\/index.php\/wp-json\/wp\/v2\/posts\/178253\/revisions"}],"predecessor-version":[{"id":178256,"href":"https:\/\/corrientesdetarde.com\/index.php\/wp-json\/wp\/v2\/posts\/178253\/revisions\/178256"}],"wp:featuredmedia":[{"embeddable":true,"href":"https:\/\/corrientesdetarde.com\/index.php\/wp-json\/wp\/v2\/media\/178254"}],"wp:attachment":[{"href":"https:\/\/corrientesdetarde.com\/index.php\/wp-json\/wp\/v2\/media?parent=178253"}],"wp:term":[{"taxonomy":"category","embeddable":true,"href":"https:\/\/corrientesdetarde.com\/index.php\/wp-json\/wp\/v2\/categories?post=178253"},{"taxonomy":"post_tag","embeddable":true,"href":"https:\/\/corrientesdetarde.com\/index.php\/wp-json\/wp\/v2\/tags?post=178253"}],"curies":[{"name":"wp","href":"https:\/\/api.w.org\/{rel}","templated":true}]}}