{"id":178261,"date":"2024-12-10T08:56:10","date_gmt":"2024-12-10T11:56:10","guid":{"rendered":"https:\/\/corrientesdetarde.com\/?p=178261"},"modified":"2024-12-10T09:00:04","modified_gmt":"2024-12-10T12:00:04","slug":"valdes-evaluo-el-ano-de-milei-y-cuestiono-los-costos-de-la-energia","status":"publish","type":"post","link":"https:\/\/corrientesdetarde.com\/index.php\/politica\/valdes-evaluo-el-ano-de-milei-y-cuestiono-los-costos-de-la-energia\/","title":{"rendered":"Vald\u00e9s evalu\u00f3 el a\u00f1o de Milei y cuestion\u00f3 los costos de la energ\u00eda"},"content":{"rendered":"\n<p>Al cumplirse un a\u00f1o en el poder del liberal libertario Javier Milei, el gobernador, Gustavo Vald\u00e9s, evalu\u00f3 algunos aspectos de la gesti\u00f3n. Como parte de la l\u00f3gica de la relaci\u00f3n de tirantez entre Naci\u00f3n y las provincias, cuestion\u00f3 los precios mayoristas de la energ\u00eda y pidi\u00f3 mayor participaci\u00f3n de Corrientes en tanto generadora de electricidad. Principalmente, preocupa el impacto de las &#8220;abultadas tarifas de CAMMESA&#8221;.<\/p>\n\n\n<div class=\"wp-block-image\">\n<figure class=\"aligncenter\"><img decoding=\"async\" src=\"https:\/\/www.diarioepoca.com\/content\/bucket\/7\/1401037w380h292c.jpg.webp\" alt=\"\"\/><figcaption class=\"wp-element-caption\">MILEI HABLAR\u00c1 HOY POR CADENA NACIONAL.<\/figcaption><\/figure>\n<\/div>\n\n\n<p>&#8220;El primer desaf\u00edo est\u00e1 cumplido: la inflaci\u00f3n est\u00e1 baja&#8221;, dijo el Mandatario provincial al ser consultado por la prensa sobre su percepci\u00f3n del primer a\u00f1o de Javier Milei en la Presidencia de la Naci\u00f3n. En lo que va de 2024, el \u00cdndice de Precios al Consumidor (IPC) ha mostrado signos de una notable desaceleraci\u00f3n, siendo la variaci\u00f3n de 2,7% de octubre, la m\u00e1s baja desde noviembre de 2021.<\/p>\n\n\n\n<p>Para el a\u00f1o pr\u00f3ximo, el Gobierno mantiene expectativas m\u00e1s que optimistas de una inflaci\u00f3n anual de 18%. Sin embargo, algunas consultoras y el FMI consideran que el acumulado de 2025 rondar\u00e1 el 50%, una cifra muy inferior a los \u00faltimos registros anuales. Sin embargo, esta deber\u00eda ser menor. &#8220;Tiene que seguir bajando&#8221;, expres\u00f3 el titular del Ejecutivo provincial sobre este indicador.<\/p>\n\n\n\n<p>&#8220;Son n\u00fameros importantes de equilibrio fiscal, que es donde coincidimos todos. A partir de ah\u00ed, tendr\u00e1 que consolidarlo y ojal\u00e1 que podamos seguir avanzando&#8221;, sostuvo ayer Vald\u00e9s en contacto con la prensa luego de la presentaci\u00f3n de los Carnavales Oficiales 2025 en el Sal\u00f3n Amarillo de Casa de Gobierno.<\/p>\n\n\n\n<p>Y sin embargo, a\u00fan hay desaf\u00edos. &#8220;El 50% de la poblaci\u00f3n est\u00e1 debajo de la l\u00ednea de pobreza, las empresas deben tener mayor competitividad. La econom\u00eda se tiene que seguir acomodando&#8221;, se\u00f1al\u00f3 el Gobernador respecto de los pendientes del Ejecutivo nacional.<\/p>\n\n\n\n<p>Un aspecto que pareciera que el oficialismo dejar\u00e1 de impulsar es el Presupuesto Nacional 2025. La iniciativa no fue confirmada para su tratamiento en per\u00edodo Extraordinario de sesiones. Los mandatarios provinciales hab\u00edan hecho p\u00fablica su postura de requerir el instrumento que permitir\u00e1 dar previsibilidad financiera al pa\u00eds, como as\u00ed, enviar un mensaje a los mercados. Ayer, el radical explicit\u00f3 que la pelota est\u00e1 en la cancha del Gobierno nacional, independientemente de las cr\u00edticas que realizaron algunos legisladores nacionales sobre los l\u00edderes territoriales, quienes en el transcurso del a\u00f1o debieron afrontar gran parte del ajuste.<\/p>\n\n\n\n<p>Una de las preocupaciones es el sistema de comercializaci\u00f3n de la energ\u00eda el\u00e9ctrica mayorista. Vald\u00e9s indic\u00f3 que existe una gran discusi\u00f3n en torno a CAMMESA, la compa\u00f1\u00eda de distribuci\u00f3n mayorista del servicio. En el marco del bloque de las provincias del Litoral, piden mayor contemplaci\u00f3n para las provincias en pol\u00edticas energ\u00e9ticas que afectan tanto a las distribuidoras como a los usuarios a trav\u00e9s de los tarifazos de luz.<\/p>\n\n\n\n<p>&#8220;Ser\u00eda bueno que tengamos la posibilidad de sentarnos a conversar sobre estos temas porque ahora somos los convidados de piedra y somos provincias generadoras. Utilizan los recursos naturales de las provincias para generar energ\u00eda, la distribuyen y tenemos que pagar. Nosotros somos quienes hacemos las l\u00edneas de alta tensi\u00f3n. No es un trato justo con la provincia de Corrientes&#8221;, asever\u00f3 el Mandatario. A lo que se suman los reiterados reclamos por el pago de las regal\u00edas de Yacyret\u00e1.<\/p>\n\n\n\n<p>El titular del Ejecutivo advirti\u00f3 que &#8220;hay que tener cuidado con las facturas de luz&#8221; por lo &#8220;abultado&#8221; de los valores que llegan desde CAMMESA, la mayorista que vende electricidad a las distribuidoras provinciales, entre ellas, DPEC. De esta manera, pidi\u00f3 a los usuarios a mantener la prevenci\u00f3n necesaria ante la estaci\u00f3n m\u00e1s c\u00e1lida del a\u00f1o. En este contexto, adem\u00e1s, &#8220;hay gente que no puede pagar la luz&#8221;, seg\u00fan se\u00f1al\u00f3.<\/p>\n\n\n\n<p>&#8220;Nosotros seguimos pidiendo como gobierno, como gesti\u00f3n, como zona norte, que tengamos una factura propia de 600 kilovatios para que las familias puedan pagar una tarifa razonable&#8221;, se\u00f1al\u00f3 y advirti\u00f3 que &#8220;vienen muy abultadas por el valor que impone CAMMESA&#8221;. Los bloques provinciales reclaman una tarifa diferencial por zona c\u00e1lida y, en el caso del NEA, por ser un \u00e1rea que no cuenta con alternativas energ\u00e9ticas como otras regiones del pa\u00eds.<\/p>\n\n\n\n<p>Otro de los puntos donde las provincias tambi\u00e9n reclaman mayor participaci\u00f3n es en la licitaci\u00f3n de la hidrov\u00eda Paraguay- Paran\u00e1. Naci\u00f3n dej\u00f3 afuera a la mesa federal integrada por representantes de las jurisdicciones subnacionales. &#8220;Estamos estudiando&#8221;, dijo Vald\u00e9s sobre este tema. Los fiscales de Estado de las seis provincias est\u00e1n analizando las alternativas de requerimientos que tienen.<\/p>\n","protected":false},"excerpt":{"rendered":"<p>Al cumplirse un a\u00f1o en el poder del liberal libertario Javier Milei, el gobernador, Gustavo Vald\u00e9s, evalu\u00f3 algunos aspectos de la gesti\u00f3n. Como parte de la l\u00f3gica de la relaci\u00f3n&hellip; <\/p>\n","protected":false},"author":1,"featured_media":170802,"comment_status":"closed","ping_status":"open","sticky":false,"template":"","format":"standard","meta":{"footnotes":""},"categories":[26,3],"tags":[],"class_list":["post-178261","post","type-post","status-publish","format-standard","has-post-thumbnail","hentry","category-destacados","category-politica"],"_links":{"self":[{"href":"https:\/\/corrientesdetarde.com\/index.php\/wp-json\/wp\/v2\/posts\/178261","targetHints":{"allow":["GET"]}}],"collection":[{"href":"https:\/\/corrientesdetarde.com\/index.php\/wp-json\/wp\/v2\/posts"}],"about":[{"href":"https:\/\/corrientesdetarde.com\/index.php\/wp-json\/wp\/v2\/types\/post"}],"author":[{"embeddable":true,"href":"https:\/\/corrientesdetarde.com\/index.php\/wp-json\/wp\/v2\/users\/1"}],"replies":[{"embeddable":true,"href":"https:\/\/corrientesdetarde.com\/index.php\/wp-json\/wp\/v2\/comments?post=178261"}],"version-history":[{"count":1,"href":"https:\/\/corrientesdetarde.com\/index.php\/wp-json\/wp\/v2\/posts\/178261\/revisions"}],"predecessor-version":[{"id":178270,"href":"https:\/\/corrientesdetarde.com\/index.php\/wp-json\/wp\/v2\/posts\/178261\/revisions\/178270"}],"wp:featuredmedia":[{"embeddable":true,"href":"https:\/\/corrientesdetarde.com\/index.php\/wp-json\/wp\/v2\/media\/170802"}],"wp:attachment":[{"href":"https:\/\/corrientesdetarde.com\/index.php\/wp-json\/wp\/v2\/media?parent=178261"}],"wp:term":[{"taxonomy":"category","embeddable":true,"href":"https:\/\/corrientesdetarde.com\/index.php\/wp-json\/wp\/v2\/categories?post=178261"},{"taxonomy":"post_tag","embeddable":true,"href":"https:\/\/corrientesdetarde.com\/index.php\/wp-json\/wp\/v2\/tags?post=178261"}],"curies":[{"name":"wp","href":"https:\/\/api.w.org\/{rel}","templated":true}]}}