{"id":178262,"date":"2024-12-10T08:54:46","date_gmt":"2024-12-10T11:54:46","guid":{"rendered":"https:\/\/corrientesdetarde.com\/?p=178262"},"modified":"2024-12-10T08:54:58","modified_gmt":"2024-12-10T11:54:58","slug":"respondiendo-al-pedido-de-los-vecinos-tassano-habilito-nueva-iluminacion-y-mejoras-en-el-barrio-jardin","status":"publish","type":"post","link":"https:\/\/corrientesdetarde.com\/index.php\/locales\/respondiendo-al-pedido-de-los-vecinos-tassano-habilito-nueva-iluminacion-y-mejoras-en-el-barrio-jardin\/","title":{"rendered":"Respondiendo al pedido de los vecinos, Tassano habilit\u00f3 nueva iluminaci\u00f3n y mejoras en el Barrio Jard\u00edn"},"content":{"rendered":"\n<p><em>Las obras significan mayor seguridad, limpieza y transitabilidad en la zona. Adem\u00e1s, permitir\u00e1 ampliar los horarios de las actividades deportivas que se llevan adelante en el barrio.<\/em><\/p>\n\n\n\n<p>En la noche de este lunes, el intendente Eduardo Tassano habilit\u00f3 formalmente obras de iluminaci\u00f3n y otras mejoras que llev\u00f3 adelante la Municipalidad de Corrientes en el Barrio Jard\u00edn. Las mismas responden a pedidos expresados por los vecinos del lugar y se traducen en mayor seguridad, limpieza y transitabilidad en la zona.\u00a0<br><br>&#8220;Colocamos iluminaci\u00f3n LED en la cancha del barrio, un lugar donde los chicos practican f\u00fatbol y ten\u00edamos esta deuda pendiente con los vecinos&#8221;, explic\u00f3 el intendente en la ocasi\u00f3n. Puntualmente, se colocaron seis jirafas con reflectores led, mejorando notablemente la iluminaci\u00f3n.\u00a0<br><br>Esto permitir\u00e1 que se ampl\u00eden los horarios de actividad deportiva. Tambi\u00e9n el municipio coloc\u00f3 dos nuevos arcos y don\u00f3 pelotas y otros elementos para fortalecer la pr\u00e1ctica del deporte en chicos, j\u00f3venes y adultos del barrio y sus alrededores.\u00a0<br><br>&#8220;La importancia de que la Municipalidad trabaje en estos barrios es que son lugares donde se concentra el deporte, como en este caso el f\u00fatbol\u201d, explic\u00f3 Tassano.<br><br>De la misma forma, en las inmediaciones del barrio se concretaron tareas de desmalezado, mantenimiento de espacios p\u00fablicos y de zanjeo. Adem\u00e1s, hay obras de cloacas y ripio que contin\u00faan.\u00a0<br><br>&#8220;Invitamos a los vecinos que se acerquen al lugar, disfruten y que tambi\u00e9n lo cuiden, porque es una obra que nos cuesta a todos y es para todos&#8221;, finaliz\u00f3 el intendente.<\/p>\n\n\n\n<figure class=\"wp-block-image size-large\"><img loading=\"lazy\" decoding=\"async\" width=\"1024\" height=\"598\" src=\"https:\/\/corrientesdetarde.com\/wp-content\/uploads\/2024\/12\/image-482-1024x598.png\" alt=\"\" class=\"wp-image-178266\" srcset=\"https:\/\/corrientesdetarde.com\/wp-content\/uploads\/2024\/12\/image-482-1024x598.png 1024w, https:\/\/corrientesdetarde.com\/wp-content\/uploads\/2024\/12\/image-482-300x175.png 300w, https:\/\/corrientesdetarde.com\/wp-content\/uploads\/2024\/12\/image-482-768x448.png 768w, https:\/\/corrientesdetarde.com\/wp-content\/uploads\/2024\/12\/image-482.png 1252w\" sizes=\"auto, (max-width: 1024px) 100vw, 1024px\" \/><\/figure>\n\n\n\n<p><br><br>PRESENCIA EN LOS BARRIOS<br>Julio Bartra, subsecretario de Coordinaci\u00f3n Territorial, valor\u00f3 el trabajo realizado por la gesti\u00f3n municipal en cada punto de la ciudad. \u201cLa presencia del Municipio en este barrio es m\u00e1s que importante, porque la actividad deportiva puede ayudar a sacar a los j\u00f3venes de actividades negativas y promover la integraci\u00f3n y el desarrollo mental y f\u00edsico&#8221;, coment\u00f3 Julio Bartra.<br><br>Asimismo, agreg\u00f3: \u201cSe est\u00e1n realizando obras de cloaca social y cord\u00f3n cuneta en el barrio, y la Municipalidad tambi\u00e9n promueve actividades culturales y deportivas en la zona&#8221;.\u00a0<br><br>SUE\u00d1OS CUMPLIDOS\u00a0<br>Las familias de la zona se mostraron emocionadas por las mejoras realizadas. \u201cEste es un sue\u00f1o de mi marido que ya no est\u00e1 con nosotros. \u00c9l se fue con la ilusi\u00f3n de tener luces en su cancha. Hoy es un hecho, un sue\u00f1o hecho realidad para todos los vecinos&#8221;, destac\u00f3 Soledad Paola Viana, \u00a0una de las vecinas.\u00a0<br><br>Para finalizar, remarc\u00f3: \u201cEstoy agradecida con la Municipalidad porque mi barrio cambi\u00f3 realmente. Ahora tenemos calles en buen estado que antes eran un desastre, tambi\u00e9n cloacas que necesitamos&#8221;.<\/p>\n","protected":false},"excerpt":{"rendered":"<p>Las obras significan mayor seguridad, limpieza y transitabilidad en la zona. Adem\u00e1s, permitir\u00e1 ampliar los horarios de las actividades deportivas que se llevan adelante en el barrio. En la noche&hellip; <\/p>\n","protected":false},"author":1,"featured_media":178267,"comment_status":"closed","ping_status":"open","sticky":false,"template":"","format":"standard","meta":{"footnotes":""},"categories":[8],"tags":[],"class_list":["post-178262","post","type-post","status-publish","format-standard","has-post-thumbnail","hentry","category-locales"],"_links":{"self":[{"href":"https:\/\/corrientesdetarde.com\/index.php\/wp-json\/wp\/v2\/posts\/178262","targetHints":{"allow":["GET"]}}],"collection":[{"href":"https:\/\/corrientesdetarde.com\/index.php\/wp-json\/wp\/v2\/posts"}],"about":[{"href":"https:\/\/corrientesdetarde.com\/index.php\/wp-json\/wp\/v2\/types\/post"}],"author":[{"embeddable":true,"href":"https:\/\/corrientesdetarde.com\/index.php\/wp-json\/wp\/v2\/users\/1"}],"replies":[{"embeddable":true,"href":"https:\/\/corrientesdetarde.com\/index.php\/wp-json\/wp\/v2\/comments?post=178262"}],"version-history":[{"count":1,"href":"https:\/\/corrientesdetarde.com\/index.php\/wp-json\/wp\/v2\/posts\/178262\/revisions"}],"predecessor-version":[{"id":178268,"href":"https:\/\/corrientesdetarde.com\/index.php\/wp-json\/wp\/v2\/posts\/178262\/revisions\/178268"}],"wp:featuredmedia":[{"embeddable":true,"href":"https:\/\/corrientesdetarde.com\/index.php\/wp-json\/wp\/v2\/media\/178267"}],"wp:attachment":[{"href":"https:\/\/corrientesdetarde.com\/index.php\/wp-json\/wp\/v2\/media?parent=178262"}],"wp:term":[{"taxonomy":"category","embeddable":true,"href":"https:\/\/corrientesdetarde.com\/index.php\/wp-json\/wp\/v2\/categories?post=178262"},{"taxonomy":"post_tag","embeddable":true,"href":"https:\/\/corrientesdetarde.com\/index.php\/wp-json\/wp\/v2\/tags?post=178262"}],"curies":[{"name":"wp","href":"https:\/\/api.w.org\/{rel}","templated":true}]}}