{"id":178269,"date":"2024-12-10T09:22:17","date_gmt":"2024-12-10T12:22:17","guid":{"rendered":"https:\/\/corrientesdetarde.com\/?p=178269"},"modified":"2024-12-10T09:22:25","modified_gmt":"2024-12-10T12:22:25","slug":"es-un-lugar-unico-cual-es-la-emotiva-conexion-de-karina-la-princesita-con-corrientes","status":"publish","type":"post","link":"https:\/\/corrientesdetarde.com\/index.php\/espectaculos\/es-un-lugar-unico-cual-es-la-emotiva-conexion-de-karina-la-princesita-con-corrientes\/","title":{"rendered":"&#8220;Es un lugar \u00fanico&#8221;: Cu\u00e1l es la emotiva conexi\u00f3n de Karina &#8220;la Princesita&#8221; con Corrientes"},"content":{"rendered":"\n<p> Karina &#8220;la Princesita&#8221; comparti\u00f3 sus sentimientos sobre su carrera y el v\u00ednculo que ha forjado con diferentes provincias argentinas, especialmente Corrientes. Su relato \u00edntimo y sincero revela c\u00f3mo su experiencia como artista ha estado marcada por el amor y la calidez de su p\u00fablico.<\/p>\n\n\n\n<p><\/p>\n\n\n\n<p>&#8220;Cuando yo empec\u00e9 a cantar, empec\u00e9 a conocer las diferencias a la hora de expresarse de cada provincia, e incluso de cada ciudad. A veces, en distintas ciudades de la misma provincia, tambi\u00e9n es muy distinto&#8221;, comenz\u00f3 diciendo Karina, proporcionando un vistazo a las sutilezas culturales que ha encontrado a lo largo de su trayectoria musical.&nbsp;<\/p>\n\n\n\n<p>Desde su llegada a las tarimas correntinas, Karina ha logrado conquistar corazones. Sus letras, que hablan de amor, desamor y esperanza, encuentran eco en las historias de quienes la escuchan. Caras de emoci\u00f3n, l\u00e1grimas de alegr\u00eda y bailes descontrolados son la prueba fehaciente de c\u00f3mo su m\u00fasica trasciende m\u00e1s all\u00e1 de los acordes. Cada presentaci\u00f3n se siente como un reencuentro, un regreso a casa, donde tanto ella como su p\u00fablico comparten un momento \u00fanico e irrepetible.<\/p>\n\n\n\n<blockquote class=\"twitter-tweet\" data-media-max-width=\"560\"><p lang=\"es\" dir=\"ltr\">Gracias Corrientes <a href=\"https:\/\/t.co\/h0cnP9jTF5\">pic.twitter.com\/h0cnP9jTF5<\/a><\/p>&mdash; KARI \u2661 (@kari_prince) <a href=\"https:\/\/twitter.com\/kari_prince\/status\/1568762517509537792?ref_src=twsrc%5Etfw\">September 11, 2022<\/a><\/blockquote> <script async src=\"https:\/\/platform.twitter.com\/widgets.js\" charset=\"utf-8\"><\/script>\n\n\n\n<p>&#8220;\u00a1Te quiero, Karina!&#8221; se escucha en cada rinc\u00f3n del estadio. La artista, visiblemente emocionada, responde con una sonrisa que ilumina el escenario. En esos instantes, se establece un v\u00ednculo m\u00e1gico: Karina no es solo una cantante, es una amiga, una confidente que acompa\u00f1a las alegr\u00edas y tristezas de sus fans. Las historias que la gente comparte con ella, de amores encontrados y perdidos, de sue\u00f1os cumplidos y de vidas llenas de esperanza, reflejan una conexi\u00f3n aut\u00e9ntica.<\/p>\n\n\n\n<p>Corrientes tambi\u00e9n es un lugar donde la m\u00fasica tropical florece. Sus festivales vibran con el ritmo de la cumbia y la bachata, creando un ambiente festivo que se siente en el aire. En este contexto, Karina se siente como en casa. Ella misma ha declarado en numerosas ocasiones cu\u00e1nto le gusta compartir su m\u00fasica con esta gente c\u00e1lida y acogedora. En cada show, su pasi\u00f3n por el escenario se mezcla con la energ\u00eda del p\u00fablico, creando una experiencia que es m\u00e1s que solo un espect\u00e1culo; es una celebraci\u00f3n de la vida.<\/p>\n\n\n\n<p>Pero el cambio que ha experimentado su m\u00fasica a lo largo del tiempo no es m\u00e1s que un reflejo de su crecimiento personal. Karina ha atravesado momentos dif\u00edciles en su vida, y su m\u00fasica ha sido el veh\u00edculo para expresar sus luchas y triunfos. Cuando canta, no solo act\u00faa; comparte su historia, y en esa vulnerabilidad, sus seguidores encuentran consuelo y cercan\u00eda.<\/p>\n\n\n\n<figure class=\"wp-block-image\"><img decoding=\"async\" src=\"https:\/\/www.radiodos.com.ar\/content\/bucket\/9\/234259w610h457c.jpg.webp\" alt=\"\"\/><figcaption class=\"wp-element-caption\">Karina durante un show en Corrientes<\/figcaption><\/figure>\n\n\n\n<p>Corrientes, con su rica tradici\u00f3n cultural y su amor por la m\u00fasica, ha encontrado en Karina una voz que resuena con sus propias vivencias. &#8220;La Princesita&#8221; no solo llena los espacios f\u00edsicos de los escenarios; llena tambi\u00e9n los corazones de su gente, tejiendo un puente entre sus emociones y su repertorio musical.<\/p>\n\n\n\n<p>A medida que los acordes de su guitarra encienden el ambiente y las luces del escenario brillan intensamente, queda claro que el v\u00ednculo entre Karina y Corrientes va m\u00e1s all\u00e1 de la m\u00fasica. Es una relaci\u00f3n forjada en el amor, la emoci\u00f3n y la pasi\u00f3n que solo la m\u00fasica puede ofrecer. Cada presentaci\u00f3n se convierte as\u00ed en un recuerdo imborrable, una p\u00e1gina m\u00e1s en la historia compartida de Karina &#8220;la Princesita&#8221; y su entra\u00f1able conexi\u00f3n con Corrientes.<\/p>\n\n\n\n<p>La artista no escatim\u00f3 en elogios por el apoyo que ha recibido desde el inicio. &#8220;Siempre recib\u00ed amor, no te voy a mentir. Desde el comienzo, aunque con los a\u00f1os y a partir de ciertas canciones, tal vez se volvi\u00f3 m\u00e1s masivo&#8221;, confes\u00f3. Esta conexi\u00f3n se vuelve palpable cuando recuerda su primera experiencia emocional en el escenario correntino, donde llor\u00f3 tras bajarse del show. &#8220;No puedo dejar afuera a Tucum\u00e1n, especialmente en \u00e9pocas de carnavales, pero fue en Corrientes donde sent\u00ed eso de una manera especial&#8221;.<\/p>\n\n\n\n<p>Karina tambi\u00e9n hizo menci\u00f3n de su primera visita a Chaco, se\u00f1alando la sensaci\u00f3n de sorpresa y gratitud que hab\u00eda experimentado al cruzar el puente hacia Corrientes. &#8220;No pod\u00edamos creerlo. Me qued\u00f3 un cari\u00f1o muy especial. Tengo lugares donde digo \u2018guau\u2019, esta gente me recibe de una forma que yo no pod\u00eda creer&#8221;, explic\u00f3, subrayando la singularidad de cada encuentro con su audiencia.<\/p>\n\n\n\n<p>En su recuerdo, destaca momentos en que el p\u00fablico no solo le ped\u00eda sus \u00e9xitos, sino que tambi\u00e9n coreaba canciones que quiz\u00e1s no eran tan conocidas. La forma en que los correntinos se entregan a sus presentaciones es, para Karina, un testimonio del cari\u00f1o que ha logrado cultivar.<\/p>\n\n\n\n<p><\/p>\n","protected":false},"excerpt":{"rendered":"<p>Karina &#8220;la Princesita&#8221; comparti\u00f3 sus sentimientos sobre su carrera y el v\u00ednculo que ha forjado con diferentes provincias argentinas, especialmente Corrientes. Su relato \u00edntimo y sincero revela c\u00f3mo su experiencia&hellip; <\/p>\n","protected":false},"author":1,"featured_media":178280,"comment_status":"closed","ping_status":"open","sticky":false,"template":"","format":"standard","meta":{"footnotes":""},"categories":[19],"tags":[],"class_list":["post-178269","post","type-post","status-publish","format-standard","has-post-thumbnail","hentry","category-espectaculos"],"_links":{"self":[{"href":"https:\/\/corrientesdetarde.com\/index.php\/wp-json\/wp\/v2\/posts\/178269","targetHints":{"allow":["GET"]}}],"collection":[{"href":"https:\/\/corrientesdetarde.com\/index.php\/wp-json\/wp\/v2\/posts"}],"about":[{"href":"https:\/\/corrientesdetarde.com\/index.php\/wp-json\/wp\/v2\/types\/post"}],"author":[{"embeddable":true,"href":"https:\/\/corrientesdetarde.com\/index.php\/wp-json\/wp\/v2\/users\/1"}],"replies":[{"embeddable":true,"href":"https:\/\/corrientesdetarde.com\/index.php\/wp-json\/wp\/v2\/comments?post=178269"}],"version-history":[{"count":1,"href":"https:\/\/corrientesdetarde.com\/index.php\/wp-json\/wp\/v2\/posts\/178269\/revisions"}],"predecessor-version":[{"id":178281,"href":"https:\/\/corrientesdetarde.com\/index.php\/wp-json\/wp\/v2\/posts\/178269\/revisions\/178281"}],"wp:featuredmedia":[{"embeddable":true,"href":"https:\/\/corrientesdetarde.com\/index.php\/wp-json\/wp\/v2\/media\/178280"}],"wp:attachment":[{"href":"https:\/\/corrientesdetarde.com\/index.php\/wp-json\/wp\/v2\/media?parent=178269"}],"wp:term":[{"taxonomy":"category","embeddable":true,"href":"https:\/\/corrientesdetarde.com\/index.php\/wp-json\/wp\/v2\/categories?post=178269"},{"taxonomy":"post_tag","embeddable":true,"href":"https:\/\/corrientesdetarde.com\/index.php\/wp-json\/wp\/v2\/tags?post=178269"}],"curies":[{"name":"wp","href":"https:\/\/api.w.org\/{rel}","templated":true}]}}