{"id":178272,"date":"2024-12-10T09:02:21","date_gmt":"2024-12-10T12:02:21","guid":{"rendered":"https:\/\/corrientesdetarde.com\/?p=178272"},"modified":"2024-12-10T09:02:26","modified_gmt":"2024-12-10T12:02:26","slug":"la-verdad-detras-de-la-pelea-entre-maria-becerra-y-emilia-mernes-que-paso","status":"publish","type":"post","link":"https:\/\/corrientesdetarde.com\/index.php\/espectaculos\/la-verdad-detras-de-la-pelea-entre-maria-becerra-y-emilia-mernes-que-paso\/","title":{"rendered":"La verdad detr\u00e1s de la pelea entre Mar\u00eda Becerra y Emilia Mernes: qu\u00e9 pas\u00f3"},"content":{"rendered":"\n<p>Hace a\u00f1os que Mar\u00eda Becerra y Emilia Mernes dejaron de mostrarse juntas abriendo as\u00ed un paso a especulaciones de por qu\u00e9 se habr\u00edan distanciado. Es que, lo cierto es que desde que se supo que &#8220;Los del Espacio&#8221; no tienen una buena relaci\u00f3n con la primera de ellas, tambi\u00e9n se hizo p\u00fablico que las cantantes tienen un serio enfrentamiento. Fue Juan Etchegoyen quien dio a conocer los datos sobre lo sucedido entre ambas y el resto de los miembros de dicho grupo.<\/p>\n\n\n\n<p><br>&#8220;Se ha provocado una enorme pol\u00e9mica en estos \u00faltimos d\u00edas despu\u00e9s de una serie de declaraciones de Emilia Mernes y Mar\u00eda Becerra. Lo que te cont\u00e9 ac\u00e1 hace tiempo se va confirmando&#8221;, comenz\u00f3 Juan Etchegoyen. Luego, agreg\u00f3: &#8220;El enojo de Emilia con Mar\u00eda tiene que ver con los desplantes que Becerra les ha hecho a Los del Espacio. Cuando vos cambias tu manera de ser lo pagas caro y me parece, por lo que me cuentan, que la Nena de Argentina se la crey\u00f3&#8221;.<\/p>\n\n\n\n<p>En ese sentido, el comunicador explic\u00f3 muchos m\u00e1s detalles: &#8220;Emilia se sigue viendo con todos los chicos del grupo musical y Mar\u00eda no, a Mar\u00eda la han invitado estos \u00faltimos a\u00f1os a encuentros y nunca m\u00e1s fue&#8221;. A su vez, el conductor afirm\u00f3 el por qu\u00e9 Emilia no menciona a Mar\u00eda como su amiga: &#8220;Es por eso que cuando Emilia habla de cantantes y amigas del medio habla de Tini, habla de Lali y no menciona a Mar\u00eda. Est\u00e1 todo mal hace tiempo&#8221;.<\/p>\n\n\n\n<p>&#8220;Y no es casualidad que estas declaraciones se den despu\u00e9s de los dichos de Mar\u00eda hace unos d\u00edas diciendo que ella no est\u00e1 obligada a invitar a artistas a sus shows despu\u00e9s el esc\u00e1ndalo con Los del Espacio en su recital de River Plate&#8221;, concluy\u00f3 Juan Etchegoyen con la informaci\u00f3n en su programa.<br>\u00a0<\/p>\n","protected":false},"excerpt":{"rendered":"<p>Hace a\u00f1os que Mar\u00eda Becerra y Emilia Mernes dejaron de mostrarse juntas abriendo as\u00ed un paso a especulaciones de por qu\u00e9 se habr\u00edan distanciado. Es que, lo cierto es que&hellip; <\/p>\n","protected":false},"author":1,"featured_media":178273,"comment_status":"closed","ping_status":"open","sticky":false,"template":"","format":"standard","meta":{"footnotes":""},"categories":[19],"tags":[],"class_list":["post-178272","post","type-post","status-publish","format-standard","has-post-thumbnail","hentry","category-espectaculos"],"_links":{"self":[{"href":"https:\/\/corrientesdetarde.com\/index.php\/wp-json\/wp\/v2\/posts\/178272","targetHints":{"allow":["GET"]}}],"collection":[{"href":"https:\/\/corrientesdetarde.com\/index.php\/wp-json\/wp\/v2\/posts"}],"about":[{"href":"https:\/\/corrientesdetarde.com\/index.php\/wp-json\/wp\/v2\/types\/post"}],"author":[{"embeddable":true,"href":"https:\/\/corrientesdetarde.com\/index.php\/wp-json\/wp\/v2\/users\/1"}],"replies":[{"embeddable":true,"href":"https:\/\/corrientesdetarde.com\/index.php\/wp-json\/wp\/v2\/comments?post=178272"}],"version-history":[{"count":1,"href":"https:\/\/corrientesdetarde.com\/index.php\/wp-json\/wp\/v2\/posts\/178272\/revisions"}],"predecessor-version":[{"id":178274,"href":"https:\/\/corrientesdetarde.com\/index.php\/wp-json\/wp\/v2\/posts\/178272\/revisions\/178274"}],"wp:featuredmedia":[{"embeddable":true,"href":"https:\/\/corrientesdetarde.com\/index.php\/wp-json\/wp\/v2\/media\/178273"}],"wp:attachment":[{"href":"https:\/\/corrientesdetarde.com\/index.php\/wp-json\/wp\/v2\/media?parent=178272"}],"wp:term":[{"taxonomy":"category","embeddable":true,"href":"https:\/\/corrientesdetarde.com\/index.php\/wp-json\/wp\/v2\/categories?post=178272"},{"taxonomy":"post_tag","embeddable":true,"href":"https:\/\/corrientesdetarde.com\/index.php\/wp-json\/wp\/v2\/tags?post=178272"}],"curies":[{"name":"wp","href":"https:\/\/api.w.org\/{rel}","templated":true}]}}