{"id":178276,"date":"2024-12-10T09:05:41","date_gmt":"2024-12-10T12:05:41","guid":{"rendered":"https:\/\/corrientesdetarde.com\/?p=178276"},"modified":"2024-12-10T09:05:45","modified_gmt":"2024-12-10T12:05:45","slug":"finalizo-el-14-festival-guacaras-en-una-noche-cargada-de-pasion-por-el-cine","status":"publish","type":"post","link":"https:\/\/corrientesdetarde.com\/index.php\/eventos\/finalizo-el-14-festival-guacaras-en-una-noche-cargada-de-pasion-por-el-cine\/","title":{"rendered":"Finaliz\u00f3 el 14\u00b0 Festival Gu\u00e1caras en una noche cargada de pasi\u00f3n por el cine"},"content":{"rendered":"\n<p>El Festival Internacional de Cine 100% regional Gu\u00e1caras finaliz\u00f3 su edici\u00f3n 14 coronando el esfuerzo de realizar un festival independiente en esta parte del mundo.&nbsp;<\/p>\n\n\n\n<p>Durante 4 d\u00edas, con una programaci\u00f3n rica y variada el festival ofreci\u00f3 proyecciones de m\u00e1s de 50 obras que reflejan la diversidad cultural y la creatividad de nuestra regi\u00f3n. Desde cortometrajes universitarios hasta producciones de colegios secundarios, ficciones, documentales, animaciones y videoclips, cada proyecci\u00f3n fue una celebraci\u00f3n de talento local y regional.<\/p>\n\n\n\n<p>En esta edici\u00f3n el festival recibi\u00f3 la declaraci\u00f3n de inter\u00e9s institucional y cultural de parte del Instituto de Cultura, de la C\u00e1mara de Diputados de Corrientes, de la FADyCC y de Rectorado de la UNNE.<\/p>\n\n\n\n<p>La noche de clausura fue un verdadero espect\u00e1culo, donde se entregaron los premios a los mejores cortometrajes, elegidos por el voto del p\u00fablico. Los galardones a \u201cMejor obra competencia Oficial\u201d, \u201cMejor Cortometraje Universitario\u201d, \u201cMejor Obra de Colegios Secundarios\u201d y \u201cMejor Videoclip\u201d fueron s\u00f3lo algunas de las distinciones que premiaron el esfuerzo y la dedicaci\u00f3n de los cineastas.<\/p>\n\n\n\n<p>En la Competencia de Colegios Secundarios, la intendenta de Santa Ana Silvana Almir\u00f3n, otorg\u00f3 los premios a la EFA Tupa Rembiap\u00f3 de Ingenio Primer Correntino. La UNNE junto al CCU otorgaron el premio a competencia oficial.<\/p>\n\n\n\n<p>Adem\u00e1s, se realiz\u00f3 la entrega de premios a \u201cMejor Actriz\u201d, \u201cMejor Actor\u201d, \u201cMejor Direcci\u00f3n\u201d y la \u201cPersonalidad Destacada del A\u00f1o\u201d, reconociendo a aquellos que han dejado una huella significativa en el Gu\u00e1caras.\u00a0\u00a0<\/p>\n\n\n\n<p>Por \u00faltimo, en la Muestra Paralela se estren\u00f3 el cortometraje Entierros: tesoro oculto, de Facundo Alarc\u00f3n que explora la leyenda regional sobre la b\u00fasqueda de tesoros ocultos y portales.&nbsp;<\/p>\n\n\n\n<p>Y en el cierre del Gu\u00e1caras tuvo lugar la proyecci\u00f3n de El Mundialito, de Marcel Czombos, que ya hizo un recorrido mundial por Brasil, Rusia y pr\u00f3ximamente Turqu\u00eda. Para sorpresa del director, el protagonista del documental Facundo Rojas lleg\u00f3 hasta la Plaza de Santa Ana a visitar el festival, lo que emocion\u00f3 hasta las l\u00e1grimas a m\u00e1s de uno. El documental busca por medio del cine y el f\u00fatbol combatir la discriminaci\u00f3n y generar un reconocimiento y empat\u00eda en la sociedad. Se debe a que a lo largo de la historia les personas de baja talla (acondroplasia) fueron tratados de forma desigual, injusta y con prejuicios tanto en las pantallas como en su vida cotidiana.<\/p>\n\n\n\n<p>La fiesta del cine de Santa Ana traslad\u00f3 en una de sus jornadas a la Escuela N\u00b0105 Pedro Matoso donde tuvo lugar la Competencia Universitaria con la totalidad de 13 cortometrajes seleccionados.&nbsp;<\/p>\n\n\n\n<p>El festival cont\u00f3 con la presencia del Decano de la Facultad de Artes, Dise\u00f1o y Ciencias de la Cultura (FADyCC) de la UNNE, el arquitecto Gabriel Romero, quien ya ha sido colaborador con el festival en su antiguo rol de presidente del Instituto de Cultura de Corrientes.&nbsp;<\/p>\n\n\n\n<p>La FADyCC es una de las entidades que apoyan el festival desde hace varios a\u00f1os, y en esta oportunidad otorga al cortometraje ganador de la Competencia Universitaria la totalidad de $150.000 en concepto de premio. Adem\u00e1s, la edici\u00f3n 14\u00b0 del Gu\u00e1caras cuenta con respaldo del Gobierno de la Provincia de Corrientes, el Instituto de Cultura, la Municipalidad de Corrientes, la Municipalidad de Santa Ana, la Universidad Nacional del Nordeste (UNNE) y el Centro Cultural Universitario (CCU). Tambi\u00e9n auspician el Centro de Imaginer\u00eda Guaran\u00ed de Mauro Santamar\u00eda y la Academia de Ingl\u00e9s y Artes C+Por\u00e3.&nbsp;<\/p>\n\n\n\n<p>\u00a1Los esperamos en la edici\u00f3n 15 del Festival Gu\u00e1caras!&nbsp;<\/p>\n\n\n\n<p>LOS GANADORES&nbsp;<\/p>\n\n\n\n<p>Mejor corto Competencia de Colegios Secundarios: \u201cBumblebee\u201d realizado por alumnos de la EFA Tup\u00e1 Rembiap\u00f3, dirigido por Tisiana R\u00edos;&nbsp;<\/p>\n\n\n\n<p>Mejor Corto Competencia Universitaria &#8220;Dalex&#8221; de Patricia Aquino (FADyCC \u2013 Resistencia, Chaco);&nbsp;<\/p>\n\n\n\n<p>Ganador por Competencia de Videoclips \u201cGu\u00e1rdame\u201d videoclips de Luli Maidana, es el ganador de la de esta noche.<\/p>\n\n\n\n<p>Mejor Corto en Competencia Oficial, &#8220;Rojo punz\u00f3: la historia de Curuz\u00fa Jos\u00e9&#8221; dirigido por David Salm\u00f3n y Ram\u00f3n Monz\u00f3n Geneyro (Ca\u00e1 Cat\u00ed, Corrientes)<\/p>\n\n\n\n<p>La distinci\u00f3n a Mejor Actor se la lleva Nicol\u00e1s Vargas del proyecto \u201cEst\u00e1 todo bien\u201d de Rodrigo Herzog.<\/p>\n\n\n\n<p>Mejor Actriz se lo lleva Betty Andino del proyecto \u201cExperimento Margana\u201d.<\/p>\n\n\n\n<p>Y el premio a Mejor Director se lo lleva el misionero Santiago Bareiro, del proyecto \u201cUn poco de amor: Como preparar un terer\u00e9\u201d.<\/p>\n\n\n\n<p>El ganador de la distinci\u00f3n \u201cEl otro Guacaras\u201d otorgado por El Hogar Laura Vicu\u00f1a, es Los Mundos de Leo, cortometraje paraguayo.&nbsp;<\/p>\n\n\n\n<p>La distinci\u00f3n \u201cPremio Guacaras 2024\u201d se lo llevan Maria<\/p>\n\n\n\n<p>Balvi y Fabian Yauzas.&nbsp;<\/p>\n","protected":false},"excerpt":{"rendered":"<p>El Festival Internacional de Cine 100% regional Gu\u00e1caras finaliz\u00f3 su edici\u00f3n 14 coronando el esfuerzo de realizar un festival independiente en esta parte del mundo.&nbsp; Durante 4 d\u00edas, con una&hellip; <\/p>\n","protected":false},"author":1,"featured_media":178278,"comment_status":"closed","ping_status":"open","sticky":false,"template":"","format":"standard","meta":{"footnotes":""},"categories":[22,1208],"tags":[],"class_list":["post-178276","post","type-post","status-publish","format-standard","has-post-thumbnail","hentry","category-eventos","category-eventossociedad"],"_links":{"self":[{"href":"https:\/\/corrientesdetarde.com\/index.php\/wp-json\/wp\/v2\/posts\/178276","targetHints":{"allow":["GET"]}}],"collection":[{"href":"https:\/\/corrientesdetarde.com\/index.php\/wp-json\/wp\/v2\/posts"}],"about":[{"href":"https:\/\/corrientesdetarde.com\/index.php\/wp-json\/wp\/v2\/types\/post"}],"author":[{"embeddable":true,"href":"https:\/\/corrientesdetarde.com\/index.php\/wp-json\/wp\/v2\/users\/1"}],"replies":[{"embeddable":true,"href":"https:\/\/corrientesdetarde.com\/index.php\/wp-json\/wp\/v2\/comments?post=178276"}],"version-history":[{"count":1,"href":"https:\/\/corrientesdetarde.com\/index.php\/wp-json\/wp\/v2\/posts\/178276\/revisions"}],"predecessor-version":[{"id":178279,"href":"https:\/\/corrientesdetarde.com\/index.php\/wp-json\/wp\/v2\/posts\/178276\/revisions\/178279"}],"wp:featuredmedia":[{"embeddable":true,"href":"https:\/\/corrientesdetarde.com\/index.php\/wp-json\/wp\/v2\/media\/178278"}],"wp:attachment":[{"href":"https:\/\/corrientesdetarde.com\/index.php\/wp-json\/wp\/v2\/media?parent=178276"}],"wp:term":[{"taxonomy":"category","embeddable":true,"href":"https:\/\/corrientesdetarde.com\/index.php\/wp-json\/wp\/v2\/categories?post=178276"},{"taxonomy":"post_tag","embeddable":true,"href":"https:\/\/corrientesdetarde.com\/index.php\/wp-json\/wp\/v2\/tags?post=178276"}],"curies":[{"name":"wp","href":"https:\/\/api.w.org\/{rel}","templated":true}]}}