{"id":178285,"date":"2024-12-10T09:24:57","date_gmt":"2024-12-10T12:24:57","guid":{"rendered":"https:\/\/corrientesdetarde.com\/?p=178285"},"modified":"2024-12-10T09:25:01","modified_gmt":"2024-12-10T12:25:01","slug":"lula-da-silva-fue-hospitalizado-y-operado-de-urgencia-por-una-hemorragia-en-el-cerebro","status":"publish","type":"post","link":"https:\/\/corrientesdetarde.com\/index.php\/informacion-general\/lula-da-silva-fue-hospitalizado-y-operado-de-urgencia-por-una-hemorragia-en-el-cerebro\/","title":{"rendered":"Lula da Silva fue hospitalizado y operado de urgencia por una hemorragia en el cerebro"},"content":{"rendered":"\n<p>El presidente de Brasil, Luiz In\u00e1cio Lula da Silva, se encuentra hospitalizado en la Unidad de Cuidados Intensivos (UCI) del Hospital Sirio Liban\u00e9s en San Pablo tras haber sido trasladado desde la ciudad de Brasilia.<\/p>\n\n\n\n<p>Su ingreso se produjo luego de que un examen m\u00e9dico revelara una hemorragia intracraneal derivada de un accidente dom\u00e9stico ocurrido el pasado 19 de octubre, inform\u00f3 el establecimiento sanitario en la ma\u00f1ana de este martes, a trav\u00e9s de un comunicado oficial, que fue replicado por en X por la cuenta oficial de mandatario.<\/p>\n\n\n\n<p>El mandatario fue sometido a diversas pruebas tras quejarse de molestias, lo que llev\u00f3 a los m\u00e9dicos a detectar la complicaci\u00f3n en su cerebro. Las autoridades brasile\u00f1as indicaron que su estado es grave, pero estable y que se encuentra bajo estricta supervisi\u00f3n m\u00e9dica.<\/p>\n\n\n\n<p>\u201cLa resonancia magn\u00e9tica mostr\u00f3 hemorragia intracraneal, como resultado del accidente domiciliario sufrido el 19\/10. Fue trasladado al Hospital Sirio-Liban\u00e9s, unidad de Sao Paulo, donde se le realiz\u00f3 una craneotom\u00eda para drenar el hematoma\u201d, indicaron.<\/p>\n\n\n\n<p>El presidente brasile\u00f1o est\u00e1 consciente y recibe el tratamiento adecuado, pero no se ha precisado cu\u00e1nto tiempo permanecer\u00e1 en la UCI. El incidente ha generado gran preocupaci\u00f3n en el pa\u00eds, mientras los ciudadanos siguen atentos a los partes m\u00e9dicos.<\/p>\n\n\n\n<p><strong>C\u00f3mo fue el accidente dom\u00e9stico de Lula<\/strong><br>El 19 de octubre el presidente brasile\u00f1o se cay\u00f3 en el ba\u00f1o de la residencia presidencial de La Alvorada, se golpe\u00f3 e hizo una herida en la nuca. Necesit\u00f3 cinco puntos de sutura y se someti\u00f3 a pruebas de imagen, que se repitieron.<\/p>\n\n\n\n<p>Seg\u00fan dijo el propio Lula durante una llamada telef\u00f3nica con un pol\u00edtico de su Partido de los Trabajadores, el accidente fue causado por una \u201ctonter\u00eda suya\u201d. \u201cFue grave, pero no afect\u00f3 a partes m\u00e1s delicadas\u201d, afirm\u00f3.<\/p>\n\n\n\n<p>\u201cMe estoy cuidando porque cualquier cosa en la cabeza es muy fuerte (&#8230;) Los m\u00e9dicos dijeron que tengo que esperar por lo menos tres o cuatro d\u00edas para saber qu\u00e9 da\u00f1os caus\u00f3 el golpe\u201d, agreg\u00f3 en aquel momento, en la conversaci\u00f3n con Luiz Carlos Caetano, quien difundi\u00f3 el contenido en sus redes sociales.<\/p>\n\n\n\n<p>Debido a ese accidente, debi\u00f3 cancelar su viaje a Rusia, donde iba a participar en la cumbre de los Brics. Tampoco asisti\u00f3 como ten\u00eda previsto a la cumbre de Naciones Unidas sobre el clima COP29 en Bak\u00fa, la capital de Azerbaiy\u00e1n.<\/p>\n\n\n\n<p>Un mes despu\u00e9s, el 18 y 19 de noviembre, fue anfitri\u00f3n de la cumbre del G20 en R\u00edo de Janeiro, donde recibi\u00f3 a decenas de mandatarios, entre ellos el argentino Javier Milei.<\/p>\n\n\n\n<p><strong>La salud de Lula da Silva<\/strong><br>Lula, de 79 a\u00f1os, tiene un intenso ritmo de trabajo en el que encadena eventos oficiales, donde es com\u00fan que ofrezca largos y acalorados discursos.<\/p>\n\n\n\n<p>El mandatario habla a menudo de su buen estado de salud, se\u00f1alando incluso que se siente mejor que nunca y que quiere \u201cvivir hasta los 120 a\u00f1os\u201d.<\/p>\n\n\n\n<p>Tambi\u00e9n suele publicar videos haciendo ejercicio en el entorno de la residencia presidencial.<\/p>\n\n\n\n<p>Hace poco m\u00e1s de un a\u00f1o, en septiembre de 2023, el presidente se someti\u00f3 a una&nbsp;<strong>artroplastia total<\/strong>&nbsp;en la cadera derecha, una cirug\u00eda para reemplazar, con una pr\u00f3tesis, el cart\u00edlago desgastado de esa regi\u00f3n del cuerpo.<\/p>\n\n\n\n<p>El exl\u00edder sindicalista, que perdi\u00f3 un dedo me\u00f1ique cuando trabajaba en una f\u00e1brica metal\u00fargica, sufre de artrosis, un desgaste en los cart\u00edlagos que revisten las articulaciones, y que puede limitar el movimiento.<\/p>\n\n\n\n<p>En 2011, fue diagnosticado de&nbsp;<strong>c\u00e1ncer de laringe<\/strong>&nbsp;y&nbsp;<strong>logr\u00f3 una total remisi\u00f3n<\/strong>&nbsp;el a\u00f1o siguiente, tras someterse a radioterapia y quimioterapia.<\/p>\n","protected":false},"excerpt":{"rendered":"<p>El presidente de Brasil, Luiz In\u00e1cio Lula da Silva, se encuentra hospitalizado en la Unidad de Cuidados Intensivos (UCI) del Hospital Sirio Liban\u00e9s en San Pablo tras haber sido trasladado&hellip; <\/p>\n","protected":false},"author":1,"featured_media":159622,"comment_status":"closed","ping_status":"open","sticky":false,"template":"","format":"standard","meta":{"footnotes":""},"categories":[1],"tags":[],"class_list":["post-178285","post","type-post","status-publish","format-standard","has-post-thumbnail","hentry","category-informacion-general"],"_links":{"self":[{"href":"https:\/\/corrientesdetarde.com\/index.php\/wp-json\/wp\/v2\/posts\/178285","targetHints":{"allow":["GET"]}}],"collection":[{"href":"https:\/\/corrientesdetarde.com\/index.php\/wp-json\/wp\/v2\/posts"}],"about":[{"href":"https:\/\/corrientesdetarde.com\/index.php\/wp-json\/wp\/v2\/types\/post"}],"author":[{"embeddable":true,"href":"https:\/\/corrientesdetarde.com\/index.php\/wp-json\/wp\/v2\/users\/1"}],"replies":[{"embeddable":true,"href":"https:\/\/corrientesdetarde.com\/index.php\/wp-json\/wp\/v2\/comments?post=178285"}],"version-history":[{"count":1,"href":"https:\/\/corrientesdetarde.com\/index.php\/wp-json\/wp\/v2\/posts\/178285\/revisions"}],"predecessor-version":[{"id":178286,"href":"https:\/\/corrientesdetarde.com\/index.php\/wp-json\/wp\/v2\/posts\/178285\/revisions\/178286"}],"wp:featuredmedia":[{"embeddable":true,"href":"https:\/\/corrientesdetarde.com\/index.php\/wp-json\/wp\/v2\/media\/159622"}],"wp:attachment":[{"href":"https:\/\/corrientesdetarde.com\/index.php\/wp-json\/wp\/v2\/media?parent=178285"}],"wp:term":[{"taxonomy":"category","embeddable":true,"href":"https:\/\/corrientesdetarde.com\/index.php\/wp-json\/wp\/v2\/categories?post=178285"},{"taxonomy":"post_tag","embeddable":true,"href":"https:\/\/corrientesdetarde.com\/index.php\/wp-json\/wp\/v2\/tags?post=178285"}],"curies":[{"name":"wp","href":"https:\/\/api.w.org\/{rel}","templated":true}]}}