{"id":178291,"date":"2024-12-10T09:41:37","date_gmt":"2024-12-10T12:41:37","guid":{"rendered":"https:\/\/corrientesdetarde.com\/?p=178291"},"modified":"2024-12-10T09:41:42","modified_gmt":"2024-12-10T12:41:42","slug":"bajo-la-edad-minima-para-estar-habilitado-a-portar-armas","status":"publish","type":"post","link":"https:\/\/corrientesdetarde.com\/index.php\/sociales\/bajo-la-edad-minima-para-estar-habilitado-a-portar-armas\/","title":{"rendered":"Baj\u00f3 la edad m\u00ednima para estar habilitado a portar armas"},"content":{"rendered":"\n<p>El Gobierno estableci\u00f3 que a partir de los 18 a\u00f1os, los ciudadanos estar\u00e1n habilitados para portar armas. Esta modificaci\u00f3n al art\u00edculo 55 de la ley 20.429 &#8211; Ley Nacional de Armas y Explosivos, se hizo p\u00fablica a trav\u00e9s del Bolet\u00edn Oficial, dejando atr\u00e1s de esta manera, los 21 a\u00f1os que se establec\u00eda como requisito para la \u201cadquisici\u00f3n o transmisi\u00f3n por cualquier t\u00edtulo, uso, tenencia y portaci\u00f3n de armas de uso civil haber alcanzado la mayor\u00eda de edad\u201d.<\/p>\n\n\n\n<p><\/p>\n\n\n\n<p>La actualizaci\u00f3n se describe dentro en el apartado Legislaci\u00f3n y Avisos Oficiales del Poder Ejecutivo, bajo la numeraci\u00f3n 1081\/2024 del decreto que lo establece:<\/p>\n\n\n\n<p>&nbsp;\u201cA efectos de armonizar la legislaci\u00f3n vigente, reconociendo la capacidad de los ciudadanos para ser leg\u00edtimos usuarios de armas a partir de los DIECIOCHO (18) a\u00f1os\u201d, argument\u00f3 el Poder Ejecutivo sobre el cambio implementado.<\/p>\n\n\n\n<p>El texto publicado este martes, lleva las firmas del presidente de la Naci\u00f3n, Javier Milei; el Jefe de Gabinete, Guillermo Francos; y la Ministra de Seguridad, Patricia Bullrich, confirmando en su art\u00edculo 1\u00b0:<\/p>\n\n\n\n<p>\u201cSustit\u00fayese el inciso 1) del art\u00edculo 55 de la Reglamentaci\u00f3n de la Ley N\u00b0 20.429 y sus modificatorias, aprobada por el Decreto N\u00ba 395 del 20 de febrero de 1975 y sus modificatorios, el que quedar\u00e1 redactado de la siguiente manera: Ser mayor de DIECIOCHO (18) a\u00f1os\u201d.<\/p>\n\n\n\n<p>El art\u00edculo en cuesti\u00f3n establece adem\u00e1s una serie de requisitos que se deben cumplir para la portaci\u00f3n de armas, como el no tener \u201canormalidades ps\u00edquicas o f\u00edsicas que incapaciten al peticionante\u201d, la acreditaci\u00f3n de datos personales bajo dependencia policial, y \u201cla no existencia de antecedentes policiales o penales\u201d.<\/p>\n\n\n\n<p>La idea de realizar diversos cambios en la materia comenz\u00f3 a ponerse en marcha en mayo pasado, cuando el Gobierno anunci\u00f3 que enviar\u00eda al Congreso un proyecto de ley para simplificar el tr\u00e1mite de portaci\u00f3n de armas, con el fin de regularizar la tenencia de armas de fuego.<\/p>\n\n\n\n<p>En ese mismo esquema, se\u00f1alaban adem\u00e1s que simplificar\u00edan los tr\u00e1mites correspondientes, para que los usuarios puedan declararlas y\/o solicitar la destrucci\u00f3n de las mismas de forma an\u00f3nima.<\/p>\n\n\n\n<p>En este sentido, destacaron que la idea original del proyecto era introducir nuevas modificaciones que contribuyan a&nbsp;<strong>\u201cpromover y facilitar el acceso legal y leg\u00edtimo a la tenencia de armas de fuego\u201d<\/strong>. Lo que apuntaba a nuevos proceso administrativo, m\u00e1s \u00e1giles y simples.<\/p>\n\n\n\n<p>Desde la cartera de&nbsp;<strong>Seguridad<\/strong>&nbsp;argumentaron la necesidad de actualizar el r\u00e9gimen de tr\u00e1mites para poder \u201ctener un registro de armas transparente, completo y con procesos modernos\u201d, ya que se estipula que hay m\u00e1s de 800.000 armas de fuego bajo tenencia irregular en la actualidad.<\/p>\n\n\n\n<p>No obstante, las autoridades resaltaron la importancia de llevar a cabo este cambio para continuar con \u201cel combate a fondo contra los delincuentes que, con armas ilegales, ponen en riesgo la vida de todos los&nbsp;<strong>argentinos<\/strong>\u201d, habilitando de esa manera a que los ciudadanos puedan poseer armas de fuego en sus casas de forma legal.<\/p>\n\n\n\n<p>Siguiendo con esta misma l\u00ednea, la propuesta inclu\u00eda tambi\u00e9n la prorrogaci\u00f3n del&nbsp;<strong>Programa Nacional de Entrega Voluntaria de Armas de Fuego<\/strong>&nbsp;por 4 a\u00f1os, con la finalidad de que los usuarios pudieran entregar sus armas de forma an\u00f3nima para que estas sean destruidas.<\/p>\n\n\n\n<p>Con una pol\u00edtica que los proteja de sufrir consecuencias legales posteriores por haberlas pose\u00eddo sin las autorizaciones correspondientes. La novedad que trae esa iniciativa es que, a la par, propuso redoblar la apuesta e instituir un m\u00e9todo para que cualquier ciudadano pueda regularizar armas no declaradas frente al&nbsp;<strong>Estado<\/strong>&nbsp;y conservarlas en calidad de \u201cleg\u00edtimo usuario\u201d.<\/p>\n\n\n\n<p>El programa del&nbsp;<strong>Gobierno<\/strong>&nbsp;hab\u00eda estado vigente hasta finales del 2023. Reactivarlo significaba poder continuar con las tareas para prevenir hechos de violencia y&nbsp;<strong>reducir la circulaci\u00f3n de armas en la sociedad<\/strong>.<\/p>\n","protected":false},"excerpt":{"rendered":"<p>El Gobierno estableci\u00f3 que a partir de los 18 a\u00f1os, los ciudadanos estar\u00e1n habilitados para portar armas. Esta modificaci\u00f3n al art\u00edculo 55 de la ley 20.429 &#8211; Ley Nacional de&hellip; <\/p>\n","protected":false},"author":1,"featured_media":178293,"comment_status":"closed","ping_status":"open","sticky":false,"template":"","format":"standard","meta":{"footnotes":""},"categories":[17],"tags":[],"class_list":["post-178291","post","type-post","status-publish","format-standard","has-post-thumbnail","hentry","category-sociales"],"_links":{"self":[{"href":"https:\/\/corrientesdetarde.com\/index.php\/wp-json\/wp\/v2\/posts\/178291","targetHints":{"allow":["GET"]}}],"collection":[{"href":"https:\/\/corrientesdetarde.com\/index.php\/wp-json\/wp\/v2\/posts"}],"about":[{"href":"https:\/\/corrientesdetarde.com\/index.php\/wp-json\/wp\/v2\/types\/post"}],"author":[{"embeddable":true,"href":"https:\/\/corrientesdetarde.com\/index.php\/wp-json\/wp\/v2\/users\/1"}],"replies":[{"embeddable":true,"href":"https:\/\/corrientesdetarde.com\/index.php\/wp-json\/wp\/v2\/comments?post=178291"}],"version-history":[{"count":1,"href":"https:\/\/corrientesdetarde.com\/index.php\/wp-json\/wp\/v2\/posts\/178291\/revisions"}],"predecessor-version":[{"id":178294,"href":"https:\/\/corrientesdetarde.com\/index.php\/wp-json\/wp\/v2\/posts\/178291\/revisions\/178294"}],"wp:featuredmedia":[{"embeddable":true,"href":"https:\/\/corrientesdetarde.com\/index.php\/wp-json\/wp\/v2\/media\/178293"}],"wp:attachment":[{"href":"https:\/\/corrientesdetarde.com\/index.php\/wp-json\/wp\/v2\/media?parent=178291"}],"wp:term":[{"taxonomy":"category","embeddable":true,"href":"https:\/\/corrientesdetarde.com\/index.php\/wp-json\/wp\/v2\/categories?post=178291"},{"taxonomy":"post_tag","embeddable":true,"href":"https:\/\/corrientesdetarde.com\/index.php\/wp-json\/wp\/v2\/tags?post=178291"}],"curies":[{"name":"wp","href":"https:\/\/api.w.org\/{rel}","templated":true}]}}