{"id":178292,"date":"2024-12-10T09:50:15","date_gmt":"2024-12-10T12:50:15","guid":{"rendered":"https:\/\/corrientesdetarde.com\/?p=178292"},"modified":"2024-12-10T09:50:39","modified_gmt":"2024-12-10T12:50:39","slug":"la-salud-de-lula-un-factor-de-riesgo-para-brasil-y-la-region","status":"publish","type":"post","link":"https:\/\/corrientesdetarde.com\/index.php\/internacionales\/la-salud-de-lula-un-factor-de-riesgo-para-brasil-y-la-region\/","title":{"rendered":"LA SALUD DE LULA: UN FACTOR DE RIESGO PARA BRASIL Y LA REGI\u00d3N"},"content":{"rendered":"\n<p><br>(Corresponsal\u00eda Buenos Aires) &#8211; El presidente de Brasil, Luiz In\u00e1cio Lula da Silva, fue sometido de urgencia a una cirug\u00eda para drenar un hematoma subdural tras una hemorragia intracraneal, situaci\u00f3n que encendi\u00f3 alarmas sobre su estado de salud y las implicancias que podr\u00eda tener para la estabilidad pol\u00edtica y econ\u00f3mica de Brasil y Sudam\u00e9rica.<\/p>\n\n\n\n<p>La operaci\u00f3n, realizada en el Hospital Sirio-Liban\u00e9s de San Pablo, fue exitosa, seg\u00fan informaron fuentes oficiales, pero el mandatario permanece en la Unidad de Cuidados Intensivos (UCI), donde es monitoreado constantemente. La hemorragia habr\u00eda sido consecuencia de una ca\u00edda sufrida el pasado 19 de octubre en el Palacio de la Alvorada, la residencia presidencial en Brasilia, cuando se golpe\u00f3 la nuca tras resbalar en el ba\u00f1o.<\/p>\n\n\n\n<p>Consecuencias inmediatas y preocupaciones a largo plazo<br>Desde el accidente, Lula debi\u00f3 cancelar eventos clave, como su participaci\u00f3n presencial en la cumbre de los BRICS en Kaz\u00e1n, Rusia, y ha limitado sus actividades internacionales, asistiendo solo a compromisos cercanos como la reciente cumbre del Mercosur en Montevideo. Esta situaci\u00f3n genera incertidumbre no solo en Brasil, sino tambi\u00e9n en los c\u00edrculos diplom\u00e1ticos y econ\u00f3micos regionales, donde su liderazgo es considerado fundamental para abordar desaf\u00edos comunes como la integraci\u00f3n econ\u00f3mica y la sostenibilidad ambiental.<\/p>\n\n\n\n<p>Un historial m\u00e9dico que preocupa<br>La operaci\u00f3n actual no es el primer desaf\u00edo de salud para Lula. En septiembre de 2023, se someti\u00f3 a una cirug\u00eda de reemplazo total de cadera, y en 2012 super\u00f3 un c\u00e1ncer de garganta. Estas dolencias recurrentes plantean dudas sobre su capacidad para completar el mandato que inici\u00f3 en enero de 2023 y liderar un pa\u00eds que enfrenta tensiones internas y externas.<\/p>\n\n\n\n<p>Brasil y la regi\u00f3n, en un delicado equilibrio<br>El rol de Brasil como potencia regional amplifica la preocupaci\u00f3n por la salud del mandatario. Un vac\u00edo de poder o una inestabilidad en su gobierno podr\u00eda generar efectos colaterales en la regi\u00f3n, afectando a socios comerciales clave y desestabilizando la coordinaci\u00f3n en bloques como el Mercosur y los BRICS.<\/p>\n\n\n\n<p>Mientras Lula se recupera, el panorama pol\u00edtico y econ\u00f3mico brasile\u00f1o se mantiene en vilo. El liderazgo del presidente es crucial en un contexto donde Brasil enfrenta desaf\u00edos estructurales, y su ausencia prolongada podr\u00eda abrir grietas en el delicado equilibrio pol\u00edtico que sostiene al gigante sudamericano y su influencia en la regi\u00f3n.<\/p>\n\n\n\n<p>La evoluci\u00f3n del estado de salud de Lula ser\u00e1, en los pr\u00f3ximos d\u00edas, un factor determinante para Brasil y sus socios en un contexto que requiere estabilidad y liderazgo.<\/p>\n","protected":false},"excerpt":{"rendered":"<p>(Corresponsal\u00eda Buenos Aires) &#8211; El presidente de Brasil, Luiz In\u00e1cio Lula da Silva, fue sometido de urgencia a una cirug\u00eda para drenar un hematoma subdural tras una hemorragia intracraneal, situaci\u00f3n&hellip; <\/p>\n","protected":false},"author":11,"featured_media":159622,"comment_status":"closed","ping_status":"open","sticky":false,"template":"","format":"standard","meta":{"footnotes":""},"categories":[26,11],"tags":[],"class_list":["post-178292","post","type-post","status-publish","format-standard","has-post-thumbnail","hentry","category-destacados","category-internacionales"],"_links":{"self":[{"href":"https:\/\/corrientesdetarde.com\/index.php\/wp-json\/wp\/v2\/posts\/178292","targetHints":{"allow":["GET"]}}],"collection":[{"href":"https:\/\/corrientesdetarde.com\/index.php\/wp-json\/wp\/v2\/posts"}],"about":[{"href":"https:\/\/corrientesdetarde.com\/index.php\/wp-json\/wp\/v2\/types\/post"}],"author":[{"embeddable":true,"href":"https:\/\/corrientesdetarde.com\/index.php\/wp-json\/wp\/v2\/users\/11"}],"replies":[{"embeddable":true,"href":"https:\/\/corrientesdetarde.com\/index.php\/wp-json\/wp\/v2\/comments?post=178292"}],"version-history":[{"count":2,"href":"https:\/\/corrientesdetarde.com\/index.php\/wp-json\/wp\/v2\/posts\/178292\/revisions"}],"predecessor-version":[{"id":178300,"href":"https:\/\/corrientesdetarde.com\/index.php\/wp-json\/wp\/v2\/posts\/178292\/revisions\/178300"}],"wp:featuredmedia":[{"embeddable":true,"href":"https:\/\/corrientesdetarde.com\/index.php\/wp-json\/wp\/v2\/media\/159622"}],"wp:attachment":[{"href":"https:\/\/corrientesdetarde.com\/index.php\/wp-json\/wp\/v2\/media?parent=178292"}],"wp:term":[{"taxonomy":"category","embeddable":true,"href":"https:\/\/corrientesdetarde.com\/index.php\/wp-json\/wp\/v2\/categories?post=178292"},{"taxonomy":"post_tag","embeddable":true,"href":"https:\/\/corrientesdetarde.com\/index.php\/wp-json\/wp\/v2\/tags?post=178292"}],"curies":[{"name":"wp","href":"https:\/\/api.w.org\/{rel}","templated":true}]}}