{"id":178307,"date":"2024-12-10T10:36:44","date_gmt":"2024-12-10T13:36:44","guid":{"rendered":"https:\/\/corrientesdetarde.com\/?p=178307"},"modified":"2024-12-10T10:36:48","modified_gmt":"2024-12-10T13:36:48","slug":"opinion-nadie-puede-servir-a-dos-senores-porque-odiara-a-uno-y-amara-al-otro-no-se-puede-servir-a-dios-y-a-dinero-jesus","status":"publish","type":"post","link":"https:\/\/corrientesdetarde.com\/index.php\/politica\/opinion-nadie-puede-servir-a-dos-senores-porque-odiara-a-uno-y-amara-al-otro-no-se-puede-servir-a-dios-y-a-dinero-jesus\/","title":{"rendered":"OPINION: \u00abNADIE PUEDE SERVIR A DOS SE\u00d1ORES, PORQUE ODIAR\u00c1 A UNO Y AMAR\u00c1 AL OTRO; NO SE PUEDE SERVIR A DIOS Y A DINERO\u00bb (JES\u00daS)."},"content":{"rendered":"\n<p>(Grupo de curas en opci\u00f3n por las y los pobres 10 de diciembre 2024) &#8211; Se cumple un a\u00f1o desde que La Libertad Avanza (SIC) asumi\u00f3 el gobierno en su poder ejecutivo. Sab\u00edamos que lo hab\u00eda logrado con una leg\u00edtima mayor\u00eda en la segunda vuelta electoral, aunque ten\u00eda una importante minor\u00eda en el poder legislativo y deb\u00eda dialogar con un poder judicial cooptado por el macrismo.<br>Pero, a fuerza de Decretos (DNU) y vetos, el gobierno fue avanzando, acordando, despu\u00e9s de los consabidos insultos, agresiones y humillaciones, con quienes fueron terceros en las elecciones, los que \u2013 con complicidades, acuerdo y negociaciones con grupos \u201camigables\u201d, le permitieron unos pocos logros y unos muchos silencios.<br>Pero, como era sabido, quien realmente gan\u00f3 fue el poder econ\u00f3mico concentrado. Un poder negado a cualquier gesto o actitud de humanidad por aquello de \u201cpoderoso caballero es don dinero\u201d (F. de Quevedo). Esta actitud, donde \u2013 como era de esperar para quien quer\u00eda verlo \u2013 hay unos pocos, muy pocos, ganadores, hay un peque\u00f1o grupo algo beneficiado y una inmensa mayor\u00eda perjudicada, el Gobierno celebra lo que ellos entienden como logros, con n\u00fameros siempre falseados y hambre creciente. Y en este contexto:<br>\u2022 Los m\u00e9dicos y trabajadores del Garraham se sienten solos;<br>\u2022 los viejos se sienten solos (y son gaseados, golpeados, empujados);<br>\u2022 los de Aerol\u00edneas Argentinas se sienten solos;<br>\u2022 Las universidades, que empezaron con marchas multitudinarias, se van quedando solas;<br>\u2022 Los que son despedidos se fueron quedando solos;<br>\u2022 Los que trabajan en comedores se sienten solos y que ya nada alcanza;<br>\u2022 Comunidades originarias y campesinas se sienten solas\u2026<br>Esto es lo que lograron, porque es lo que buscaron\u2026 mientras la CGT piensa si amenaza con discutir de evaluar si acaso convenga indicar que preparar\u00e1 la posibilidad de insinuar con pensar un paro\u2026<br>El Estado retir\u00f3 lo poco que hab\u00eda de institucionalidad. No hay respeto a las disidencias, no hay condenas al genocidio en Gaza, no hay cuidado y protecci\u00f3n de la Madre Tierra, no hay defensa de las mujeres v\u00edctimas ni atenci\u00f3n a la cultura. El retiro es sistem\u00e1tico. Y grave.<br>Y, adem\u00e1s, la crueldad d\u00eda a d\u00eda se recicla reinventando odios viejos e inaugurando desprecios con un manejo fenomenal de las redes sociales de la mentira y el enga\u00f1o, con brazos armados, espionajes y protocolos de represi\u00f3n a los d\u00e9biles con aplausos a los fuertes.<br>Somos testigos \u2013 y esas soledades que mencionamos lo revelan \u2013 de un triste triunfo del individualismo (lo religioso incluido) el cual es el punto de partida del \u201ca mi no me toca\u201d<\/p>\n\n\n\n<p>o desdichas semejantes. Esto lleva a una desintegraci\u00f3n social donde, precisamente quien debiera ser reconocido en hermandad es visto como ajeno; donde el \u201cs\u00e1lvese quien pueda\u201d y la \u201cley de la selva\u201d en nombre de una falsa libertad, nos lleva a la indiferencia, el racismo, el odio o un \u201cno te metas\u201d corrompedor y destructivo.<br>Y a esto se ha de a\u00f1adir la pereza\u2026 la pereza est\u00e1 muy activa (sic); no hay \u201cotros\u201d, no hay causas, no hay razones para salir a la solidaridad\u2026<br>\u00a1Cuando el amor dej\u00f3 de ser militancia para ser solo un sentimiento, como sociedad perdimos! Y perdieron los pobres, perdi\u00f3 la Patria, perdi\u00f3 la esperanza\u2026 y la libertad sigue retrocediendo.<\/p>\n","protected":false},"excerpt":{"rendered":"<p>(Grupo de curas en opci\u00f3n por las y los pobres 10 de diciembre 2024) &#8211; Se cumple un a\u00f1o desde que La Libertad Avanza (SIC) asumi\u00f3 el gobierno en su&hellip; <\/p>\n","protected":false},"author":11,"featured_media":166438,"comment_status":"closed","ping_status":"open","sticky":false,"template":"","format":"standard","meta":{"footnotes":""},"categories":[26,3],"tags":[],"class_list":["post-178307","post","type-post","status-publish","format-standard","has-post-thumbnail","hentry","category-destacados","category-politica"],"_links":{"self":[{"href":"https:\/\/corrientesdetarde.com\/index.php\/wp-json\/wp\/v2\/posts\/178307","targetHints":{"allow":["GET"]}}],"collection":[{"href":"https:\/\/corrientesdetarde.com\/index.php\/wp-json\/wp\/v2\/posts"}],"about":[{"href":"https:\/\/corrientesdetarde.com\/index.php\/wp-json\/wp\/v2\/types\/post"}],"author":[{"embeddable":true,"href":"https:\/\/corrientesdetarde.com\/index.php\/wp-json\/wp\/v2\/users\/11"}],"replies":[{"embeddable":true,"href":"https:\/\/corrientesdetarde.com\/index.php\/wp-json\/wp\/v2\/comments?post=178307"}],"version-history":[{"count":2,"href":"https:\/\/corrientesdetarde.com\/index.php\/wp-json\/wp\/v2\/posts\/178307\/revisions"}],"predecessor-version":[{"id":178309,"href":"https:\/\/corrientesdetarde.com\/index.php\/wp-json\/wp\/v2\/posts\/178307\/revisions\/178309"}],"wp:featuredmedia":[{"embeddable":true,"href":"https:\/\/corrientesdetarde.com\/index.php\/wp-json\/wp\/v2\/media\/166438"}],"wp:attachment":[{"href":"https:\/\/corrientesdetarde.com\/index.php\/wp-json\/wp\/v2\/media?parent=178307"}],"wp:term":[{"taxonomy":"category","embeddable":true,"href":"https:\/\/corrientesdetarde.com\/index.php\/wp-json\/wp\/v2\/categories?post=178307"},{"taxonomy":"post_tag","embeddable":true,"href":"https:\/\/corrientesdetarde.com\/index.php\/wp-json\/wp\/v2\/tags?post=178307"}],"curies":[{"name":"wp","href":"https:\/\/api.w.org\/{rel}","templated":true}]}}