{"id":178365,"date":"2024-12-10T13:59:19","date_gmt":"2024-12-10T16:59:19","guid":{"rendered":"https:\/\/corrientesdetarde.com\/?p=178365"},"modified":"2024-12-10T13:59:30","modified_gmt":"2024-12-10T16:59:30","slug":"asi-esta-hoy-bar-refaeli-la-modelo-israeli-que-genero-un-terremoto-en-el-mejor-barcelona-de-la-historia","status":"publish","type":"post","link":"https:\/\/corrientesdetarde.com\/index.php\/tendencias\/asi-esta-hoy-bar-refaeli-la-modelo-israeli-que-genero-un-terremoto-en-el-mejor-barcelona-de-la-historia\/","title":{"rendered":"As\u00ed est\u00e1 hoy Bar Refaeli, la modelo israel\u00ed que gener\u00f3 un terremoto en el mejor Barcelona de la historia"},"content":{"rendered":"\n<p>Fue vinculada con varios futbolistas del club catal\u00e1n, mientras que a\u00f1os despu\u00e9s un periodista revel\u00f3 un supuesto romance con Gerard Piqu\u00e9.<\/p>\n\n\n\n<p><strong>Bar Refaeli<\/strong>, nacida el 4 de junio de 1985 en Hod HaSharon, Israel, no solo dej\u00f3 su huella en las pasarelas, sino tambi\u00e9n en los titulares medi\u00e1ticos. No solo por su\u00a0<strong>relaci\u00f3n con Leonardo DiCaprio<\/strong>, sino tambi\u00e9n porque su nombre estuvo vinculado al c\u00edrculo \u00edntimo del\u00a0<strong>mejor Barcelona de la historia<\/strong>. Es que durante la \u00e9poca dorada del equipo catal\u00e1n, liderado por\u00a0<strong>Lionel Messi, Xavi Hern\u00e1ndez y Andr\u00e9s Iniesta<\/strong>, la modelo fue vista con frecuencia en el Camp Nou y en eventos relacionados con los futbolistas, lo que\u00a0<strong>desat\u00f3 rumores<\/strong>.<\/p>\n\n\n\n<figure class=\"wp-block-image\"><img decoding=\"async\" src=\"https:\/\/tn.com.ar\/resizer\/v2\/la-modelo-israeli-bar-refaeli-foto-instagram-barrefaeli-TLLKNN4BKVBC5NEZ646SFF2M6I.jpg?auth=b81077ee318c2ac7e4323636e32481744a05f9f252d61d9cf38394ace44d5fbc&amp;width=767\" alt=\"La modelo israel\u00ed Bar Refaeli. Foto: Instagram @barrefaeli\"\/><\/figure>\n\n\n\n<p>En uno de los episodios m\u00e1s controversiales,\u00a0<strong>Refaeli public\u00f3 una foto junto a Xavi Hern\u00e1ndez<\/strong>\u00a0en la Ciudad Deportiva Joan Gamper, el complejo deportivo de Barcelona. Junto a la imagen escribi\u00f3: \u201cXavi es como mi hermano\u201d. Las repercusiones en redes sociales no demoraron en llegar. Entre ellas la de\u00a0<strong>Daniella Semaan, pareja de C\u00e9sc F\u00e0bregas<\/strong>, se refiri\u00f3 en su cuenta de Twitter a una\u00a0<strong>\u201cobsesi\u00f3n rid\u00edcula\u201d de algunas modelos hacia los jugadores<\/strong>. Por su parte, Julia Vigas, pareja de Thiago Alc\u00e1ntara, retuite\u00f3 mensajes similares.<\/p>\n\n\n\n<h2 class=\"wp-block-heading\">El esc\u00e1ndalo de Bar Refaeli con Gerard Piqu\u00e9<\/h2>\n\n\n\n<p>En 2022, el paparazzi Jordi Martin revel\u00f3 que\u00a0<strong>Bar Refaeli habr\u00eda tenido un romance con Gerard Piqu\u00e9<\/strong>\u00a0en 2012, mientras el futbolista espa\u00f1ol reci\u00e9n comenzaba su relaci\u00f3n con Shakira. Seg\u00fan asegur\u00f3 en sus redes sociales, las constantes visitas de la modelo a Barcelona en ese periodo estaban relacionadas con este presunto v\u00ednculo.<\/p>\n\n\n\n<p>El periodista asegur\u00f3 que&nbsp;<strong>fue \u00e9l mismo quien inform\u00f3 a Shakira sobre esta situaci\u00f3n<\/strong>, lo que dej\u00f3 a la cantante colombiana \u201cat\u00f3nita\u201d. Aunque ninguna de las partes confirm\u00f3 p\u00fablicamente el romance, el nombre de Refaeli regres\u00f3 a los portales de noticias y aliment\u00f3 los rumores respecto de su cercan\u00eda a los futbolistas de Barcelona.<\/p>\n\n\n\n<h2 class=\"wp-block-heading\">Problemas legales: un cap\u00edtulo oscuro en la vida de Bar Refaeli<\/h2>\n\n\n\n<p>En septiembre de 2020,\u00a0<strong>Bar Refaeli enfrent\u00f3 un juicio en Israel por evasi\u00f3n de impuestos<\/strong>. Las autoridades acusaron a la modelo y a\u00a0<strong>su madre, Tzipi Refaeli<\/strong>, de crear una residencia ficticia en el extranjero para evitar tributar cerca de 10 millones de d\u00f3lares generados entre 2009 y 2010. Este caso, que afect\u00f3 negativamente su imagen p\u00fablica, culmin\u00f3 con una\u00a0<strong>sentencia de nueve meses de trabajos comunitarios para la modelo y 16 meses de prisi\u00f3n para su madre<\/strong>.<\/p>\n\n\n\n<figure class=\"wp-block-image\"><img decoding=\"async\" src=\"https:\/\/tn.com.ar\/resizer\/v2\/la-modelo-israeli-ber-refaeli-foto-instagram-barrefaeli-4R2RUZQSZZEN3JGZCNHJAWI4BQ.jpg?auth=19f115f264499745fd38c73f0516eb649ae2138ea57d37b3b98ee9b51d02ec57&amp;width=767\" alt=\"La modelo israel\u00ed Ber Refaeli. Foto: Instagram @barrefaeli\"\/><\/figure>\n\n\n\n<p>Durante el juicio,&nbsp;<strong>Bar Refaeli argument\u00f3 que los hechos ocurrieron cuando ten\u00eda poco m\u00e1s de 20 a\u00f1os<\/strong>&nbsp;y expres\u00f3 su deseo de cerrar ese cap\u00edtulo. Adem\u00e1s,&nbsp;<strong>pagaron una multa millonaria<\/strong>&nbsp;como parte del acuerdo con la fiscal\u00eda israel\u00ed. En tanto,&nbsp;<strong>la madre de la modelo asumi\u00f3 gran parte de la responsabilidad<\/strong>&nbsp;y asegur\u00f3que ella tom\u00f3 las decisiones fiscales para proteger a su hija, quien acababa de dar a luz a su tercer hijo en ese momento.<\/p>\n\n\n\n<h2 class=\"wp-block-heading\">La vida amorosa de Bar Refaeli: de Leonardo DiCaprio a Adi Ezra<\/h2>\n\n\n\n<p>Bar Refaeli tambi\u00e9n fue noticia en reiteradas ocasiones por su historial amoroso. Su&nbsp;<strong>relaci\u00f3n con Leonardo DiCaprio<\/strong>, que comenz\u00f3 en 2005 y termin\u00f3 en 2010, fue uno de los romances m\u00e1s comentados de la \u00e9poca.<\/p>\n\n\n\n<p><strong>En 2015, la modelo se cas\u00f3 con el empresario israel\u00ed Adi Ezra<\/strong>, heredero de una de las mayores compa\u00f1\u00edas alimentarias de ese pa\u00eds.&nbsp;<strong>La pareja tiene tres hijos<\/strong>: Liv, nacida en 2016; Elle, en 2017; y David, en 2020.<\/p>\n\n\n\n<p>Este matrimonio no fue el primero para Bar Refaeli. Es que&nbsp;<strong>ya se hab\u00eda casado en 2003 con Arik Weinstein, un familiar lejano,&nbsp;<\/strong>para<strong>&nbsp;evitar el servicio militar obligatorio en Israel<\/strong>. Aunque esto desat\u00f3 varias cr\u00edticas en su pa\u00eds natal, ella siempre defendi\u00f3 su decisi\u00f3n.<\/p>\n","protected":false},"excerpt":{"rendered":"<p>Fue vinculada con varios futbolistas del club catal\u00e1n, mientras que a\u00f1os despu\u00e9s un periodista revel\u00f3 un supuesto romance con Gerard Piqu\u00e9. Bar Refaeli, nacida el 4 de junio de 1985&hellip; <\/p>\n","protected":false},"author":8,"featured_media":178366,"comment_status":"closed","ping_status":"open","sticky":false,"template":"","format":"standard","meta":{"footnotes":""},"categories":[28],"tags":[],"class_list":["post-178365","post","type-post","status-publish","format-standard","has-post-thumbnail","hentry","category-tendencias"],"_links":{"self":[{"href":"https:\/\/corrientesdetarde.com\/index.php\/wp-json\/wp\/v2\/posts\/178365","targetHints":{"allow":["GET"]}}],"collection":[{"href":"https:\/\/corrientesdetarde.com\/index.php\/wp-json\/wp\/v2\/posts"}],"about":[{"href":"https:\/\/corrientesdetarde.com\/index.php\/wp-json\/wp\/v2\/types\/post"}],"author":[{"embeddable":true,"href":"https:\/\/corrientesdetarde.com\/index.php\/wp-json\/wp\/v2\/users\/8"}],"replies":[{"embeddable":true,"href":"https:\/\/corrientesdetarde.com\/index.php\/wp-json\/wp\/v2\/comments?post=178365"}],"version-history":[{"count":1,"href":"https:\/\/corrientesdetarde.com\/index.php\/wp-json\/wp\/v2\/posts\/178365\/revisions"}],"predecessor-version":[{"id":178367,"href":"https:\/\/corrientesdetarde.com\/index.php\/wp-json\/wp\/v2\/posts\/178365\/revisions\/178367"}],"wp:featuredmedia":[{"embeddable":true,"href":"https:\/\/corrientesdetarde.com\/index.php\/wp-json\/wp\/v2\/media\/178366"}],"wp:attachment":[{"href":"https:\/\/corrientesdetarde.com\/index.php\/wp-json\/wp\/v2\/media?parent=178365"}],"wp:term":[{"taxonomy":"category","embeddable":true,"href":"https:\/\/corrientesdetarde.com\/index.php\/wp-json\/wp\/v2\/categories?post=178365"},{"taxonomy":"post_tag","embeddable":true,"href":"https:\/\/corrientesdetarde.com\/index.php\/wp-json\/wp\/v2\/tags?post=178365"}],"curies":[{"name":"wp","href":"https:\/\/api.w.org\/{rel}","templated":true}]}}