{"id":178490,"date":"2024-12-11T08:20:04","date_gmt":"2024-12-11T11:20:04","guid":{"rendered":"https:\/\/corrientesdetarde.com\/?p=178490"},"modified":"2024-12-11T08:20:07","modified_gmt":"2024-12-11T11:20:07","slug":"florencia-de-la-v-se-despidio-de-intrusos-con-un-duro-discurso-no-lo-mereciamos","status":"publish","type":"post","link":"https:\/\/corrientesdetarde.com\/index.php\/espectaculos\/florencia-de-la-v-se-despidio-de-intrusos-con-un-duro-discurso-no-lo-mereciamos\/","title":{"rendered":"Florencia de la V se despidi\u00f3 de Intrusos con un duro discurso: &#8220;No lo merec\u00edamos&#8221;"},"content":{"rendered":"\n<p>Seg\u00fan trascendi\u00f3 en los \u00faltimos d\u00edas, Florencia de la V no continuar\u00eda al frente de Intrusos el pr\u00f3ximo a\u00f1o en Am\u00e9rica TV. La informaci\u00f3n fue divulgada inicialmente por Tom\u00e1s Dente en su cuenta de X, donde se\u00f1al\u00f3 que tanto la conductora como algunos panelistas ser\u00edan desvinculados del emblem\u00e1tico ciclo de espect\u00e1culos.<\/p>\n\n\n\n<p>Adem\u00e1s, Dente adelant\u00f3 qui\u00e9nes asumir\u00edan la conducci\u00f3n: \u201cCon el regreso de Adri\u00e1n Pallares y Rodrigo Lussich, cambiar\u00eda el mapa de las tardes en Am\u00e9rica TV\u201d. Al parecer, la decisi\u00f3n no fue por nada espec\u00edfico en contra de Florencia de la V, sino por la nueva direcci\u00f3n de Am\u00e9rica: &#8220;No creo que sea algo personal contra Florencia&#8221;, coment\u00f3 Dente. &#8220;Simplemente, la nueva direcci\u00f3n de Am\u00e9rica ten\u00eda otros planes para ese espacio. El medio funciona as\u00ed\u201d.<\/p>\n\n\n\n<p>En tanto, luego de tantas especulaciones, oficialmente Flor de la V le dijo adi\u00f3s a &#8220;Intrusos&#8221; con un emotivo discurso que no solamente emocion\u00f3 al p\u00fablico, sino tambi\u00e9n a ella misma. &#8220;No nos merec\u00edamos este final. No nos merec\u00edamos esta manera o esta forma ni yo, ni mis compa\u00f1eros&#8221;, comenz\u00f3 la conductora.<\/p>\n\n\n\n<p>&#8220;Estamos en una fecha&#8230; va a ser Navidad y eso no se le hace a las personas, no se hace una cosa as\u00ed&#8221;, contin\u00fao entre l\u00e1grimas y agreg\u00f3 sin tapujos y ya con un llanto incontenible: &#8220;Estamos siendo testigos de la crueldad humana. La gente va perdiendo el trabajo y somos testigos porque es algo que le viene sucediendo a muchos trabajadores y mucho est\u00e1n en silencio ante esta situaci\u00f3n&#8221;.<\/p>\n\n\n\n<p>En ese sentido, cerr\u00f3: &#8220;Hoy le pasa a ellos, pero ahora nos est\u00e1 pasando a nosotros. No podemos naturalizar la crueldad, me han hecho mejor persona&#8221;. A su vez, en su despedida, le habl\u00f3 directamente a su compa\u00f1era, Marcela Tauro: &#8220;Tauro, vos sos una mina&#8230; creetelo. Sos una periodista, sos una mujer. Creete lo que sos, creetela. Sos una gran mina, una gran compa\u00f1era y una gran profesional&#8221;.<\/p>\n\n\n\n<p><\/p>\n","protected":false},"excerpt":{"rendered":"<p>Seg\u00fan trascendi\u00f3 en los \u00faltimos d\u00edas, Florencia de la V no continuar\u00eda al frente de Intrusos el pr\u00f3ximo a\u00f1o en Am\u00e9rica TV. La informaci\u00f3n fue divulgada inicialmente por Tom\u00e1s Dente&hellip; <\/p>\n","protected":false},"author":1,"featured_media":178497,"comment_status":"closed","ping_status":"open","sticky":false,"template":"","format":"standard","meta":{"footnotes":""},"categories":[19],"tags":[],"class_list":["post-178490","post","type-post","status-publish","format-standard","has-post-thumbnail","hentry","category-espectaculos"],"_links":{"self":[{"href":"https:\/\/corrientesdetarde.com\/index.php\/wp-json\/wp\/v2\/posts\/178490","targetHints":{"allow":["GET"]}}],"collection":[{"href":"https:\/\/corrientesdetarde.com\/index.php\/wp-json\/wp\/v2\/posts"}],"about":[{"href":"https:\/\/corrientesdetarde.com\/index.php\/wp-json\/wp\/v2\/types\/post"}],"author":[{"embeddable":true,"href":"https:\/\/corrientesdetarde.com\/index.php\/wp-json\/wp\/v2\/users\/1"}],"replies":[{"embeddable":true,"href":"https:\/\/corrientesdetarde.com\/index.php\/wp-json\/wp\/v2\/comments?post=178490"}],"version-history":[{"count":1,"href":"https:\/\/corrientesdetarde.com\/index.php\/wp-json\/wp\/v2\/posts\/178490\/revisions"}],"predecessor-version":[{"id":178498,"href":"https:\/\/corrientesdetarde.com\/index.php\/wp-json\/wp\/v2\/posts\/178490\/revisions\/178498"}],"wp:featuredmedia":[{"embeddable":true,"href":"https:\/\/corrientesdetarde.com\/index.php\/wp-json\/wp\/v2\/media\/178497"}],"wp:attachment":[{"href":"https:\/\/corrientesdetarde.com\/index.php\/wp-json\/wp\/v2\/media?parent=178490"}],"wp:term":[{"taxonomy":"category","embeddable":true,"href":"https:\/\/corrientesdetarde.com\/index.php\/wp-json\/wp\/v2\/categories?post=178490"},{"taxonomy":"post_tag","embeddable":true,"href":"https:\/\/corrientesdetarde.com\/index.php\/wp-json\/wp\/v2\/tags?post=178490"}],"curies":[{"name":"wp","href":"https:\/\/api.w.org\/{rel}","templated":true}]}}