{"id":178491,"date":"2024-12-11T08:18:06","date_gmt":"2024-12-11T11:18:06","guid":{"rendered":"https:\/\/corrientesdetarde.com\/?p=178491"},"modified":"2024-12-11T08:18:18","modified_gmt":"2024-12-11T11:18:18","slug":"la-escuderia-williams-hizo-un-sorpresivo-anuncio-sobre-franco-colapinto","status":"publish","type":"post","link":"https:\/\/corrientesdetarde.com\/index.php\/deportes\/la-escuderia-williams-hizo-un-sorpresivo-anuncio-sobre-franco-colapinto\/","title":{"rendered":"La escuder\u00eda Williams hizo un sorpresivo anuncio sobre Franco Colapinto"},"content":{"rendered":"\n<p>Se termin\u00f3 la temporada 2024 de la F\u00f3rmula 1 con el Gran Premio de Abu Dhabi. Y aunque so\u00f1aba con tener un buen final, Franco Colapinto tuvo que abandonar en una accidentada carrera. Un cierre de a\u00f1o que produce m\u00e1s incertidumbre en cuanto al futuro del piloto argentino en la m\u00e1xima categor\u00eda del automovilismo.<\/p>\n\n\n\n<p>Mientras tanto, la escuder\u00eda Williams anunci\u00f3 que Colapinto y su compa\u00f1ero Alex Albon se preparan para grabar el \u00faltimo episodio del podcast que suelen hacer tras cada competencia. \u201cEnv\u00ede sus preguntas de fan a continuaci\u00f3n para tener la oportunidad de aparecer en el episodio final de la temporada\u201d, anunciaron.<\/p>\n\n\n\n<p><strong>\u201cA\u00fan quedan algunas \u00faltimas tareas por completar\u201d<\/strong><br>\u201cAlex y Franco responder\u00e1n los mensajes de los fans esta semana, mientras reflexionan sobre la temporada 2024 en el episodio final de la popular serie web\u201d, agregaron en la cuenta de X @WilliamsRacing. Las redes se revolucionaron con el anuncio de que podr\u00e1n participar los fan\u00e1ticos en las preguntas.<\/p>\n\n\n\n<p>Y dejaron en claro que ser\u00e1 uno de los podcasts m\u00e1s divertidos del a\u00f1o: \u201cPuede que la temporada de F\u00f3rmula 1 haya llegado a su fin en la pista, pero a\u00fan quedan algunas \u00faltimas tareas por completar antes de que el equipo despida a principios de la temporada navide\u00f1a\u201d.<\/p>\n\n\n\n<p>Adem\u00e1s, en esta edici\u00f3n especial estar\u00e1 tambi\u00e9n el jefe del equipo, James Vowles, que responder\u00e1 a las consultas de los seguidores y las seguidoras.<\/p>\n\n\n\n<p><strong>El futuro de Colapinto en la F\u00f3rmula 1: qu\u00e9 pas\u00f3 con Red Bull y qu\u00e9 chances tiene de correr para Alpine<\/strong><br>Poco se sabe sobre cu\u00e1les ser\u00e1n sus pr\u00f3ximos pasos y lo \u00fanico cierto es que a\u00fan tiene contrato con el equipo brit\u00e1nico, que no se desprender\u00e1 f\u00e1cilmente e intentar\u00e1 retenerlo y pulirlo para el futuro.<\/p>\n\n\n\n<p>\u201cFranco ya es un piloto de F\u00f3rmula 1. Se ha ganado un espacio en la grilla y tenemos una responsabilidad de ayudarlo a conseguir un asiento para 2025 o 2026. Estamos trabajando para eso\u201d, asegur\u00f3 James Vowles tras el GP de Abu Dhabi.<\/p>\n\n\n\n<p>En las \u00faltimas horas, resurgi\u00f3 el rumor de que la escuder\u00eda Alpine est\u00e1 detr\u00e1s de Franco Colapinto. Al parecer estar\u00edan negociando un posible traspaso, pero en Williams no quieren dejarlo ir tan f\u00e1cil. Pretenden al menos 20 millones de euros para liberarlo.<\/p>\n","protected":false},"excerpt":{"rendered":"<p>Se termin\u00f3 la temporada 2024 de la F\u00f3rmula 1 con el Gran Premio de Abu Dhabi. Y aunque so\u00f1aba con tener un buen final, Franco Colapinto tuvo que abandonar en&hellip; <\/p>\n","protected":false},"author":1,"featured_media":168154,"comment_status":"closed","ping_status":"open","sticky":false,"template":"","format":"standard","meta":{"footnotes":""},"categories":[4],"tags":[],"class_list":["post-178491","post","type-post","status-publish","format-standard","has-post-thumbnail","hentry","category-deportes"],"_links":{"self":[{"href":"https:\/\/corrientesdetarde.com\/index.php\/wp-json\/wp\/v2\/posts\/178491","targetHints":{"allow":["GET"]}}],"collection":[{"href":"https:\/\/corrientesdetarde.com\/index.php\/wp-json\/wp\/v2\/posts"}],"about":[{"href":"https:\/\/corrientesdetarde.com\/index.php\/wp-json\/wp\/v2\/types\/post"}],"author":[{"embeddable":true,"href":"https:\/\/corrientesdetarde.com\/index.php\/wp-json\/wp\/v2\/users\/1"}],"replies":[{"embeddable":true,"href":"https:\/\/corrientesdetarde.com\/index.php\/wp-json\/wp\/v2\/comments?post=178491"}],"version-history":[{"count":1,"href":"https:\/\/corrientesdetarde.com\/index.php\/wp-json\/wp\/v2\/posts\/178491\/revisions"}],"predecessor-version":[{"id":178496,"href":"https:\/\/corrientesdetarde.com\/index.php\/wp-json\/wp\/v2\/posts\/178491\/revisions\/178496"}],"wp:featuredmedia":[{"embeddable":true,"href":"https:\/\/corrientesdetarde.com\/index.php\/wp-json\/wp\/v2\/media\/168154"}],"wp:attachment":[{"href":"https:\/\/corrientesdetarde.com\/index.php\/wp-json\/wp\/v2\/media?parent=178491"}],"wp:term":[{"taxonomy":"category","embeddable":true,"href":"https:\/\/corrientesdetarde.com\/index.php\/wp-json\/wp\/v2\/categories?post=178491"},{"taxonomy":"post_tag","embeddable":true,"href":"https:\/\/corrientesdetarde.com\/index.php\/wp-json\/wp\/v2\/tags?post=178491"}],"curies":[{"name":"wp","href":"https:\/\/api.w.org\/{rel}","templated":true}]}}