{"id":178494,"date":"2024-12-11T08:23:17","date_gmt":"2024-12-11T11:23:17","guid":{"rendered":"https:\/\/corrientesdetarde.com\/?p=178494"},"modified":"2024-12-11T08:23:21","modified_gmt":"2024-12-11T11:23:21","slug":"chano-charpentier-fue-sobreseido-tras-la-denuncia-de-militta-bora-por-abuso-sexual","status":"publish","type":"post","link":"https:\/\/corrientesdetarde.com\/index.php\/espectaculos\/chano-charpentier-fue-sobreseido-tras-la-denuncia-de-militta-bora-por-abuso-sexual\/","title":{"rendered":"Chano Charpentier fue sobrese\u00eddo tras la denuncia de Militta Bora por abuso sexual"},"content":{"rendered":"\n<p>Chano Charpentier fue sobrese\u00eddo en la causa que Militta Bora le inici\u00f3 por abuso sexual en 2018. Los artistas fueron pareja durante dos meses en 2016 y la relaci\u00f3n termin\u00f3 en un esc\u00e1ndalo. Dos a\u00f1os despu\u00e9s, ella se dirigi\u00f3 a la Oficina de Violencia Dom\u00e9stica donde realiz\u00f3 la denuncia civil, luego, junto a sus abogados, hizo la denuncia penal.<\/p>\n\n\n\n<p><\/p>\n\n\n\n<p>Al aire de TN, Rodrigo Alegre record\u00f3 que el cantante hab\u00eda sido procesado sin prisi\u00f3n preventiva con un embargo de 700 mil pesos al que apel\u00f3.<\/p>\n\n\n\n<p>&#8220;Ahora, la C\u00e1mara del Crimen, con dos votos, dictamin\u00f3 que hab\u00eda que sobreseer a Chano por dos cuestiones: con la cantidad de elementos recabados no se hab\u00eda acreditado el abuso sexual y los ex\u00e1menes del cuerpo interdisciplinario forense plantearon que en el momento en el que habr\u00eda ocurrido el abuso, el m\u00fasico estaba bajo el efecto de estupefacientes. El abuso de estas sustancias ya hab\u00eda generado dos internaciones cl\u00ednicas y el acusado no comprend\u00eda la criminalidad de los actos cuando ocurrieron&#8221;, detall\u00f3 el periodista de policiales.<\/p>\n\n\n\n<h3 class=\"wp-block-heading\">Qu\u00e9 dijo Militta Bora en la denuncia contra Chano Charpentier<\/h3>\n\n\n\n<p>Seg\u00fan explic\u00f3 Bora en su denuncia, el maltrato y la violaci\u00f3n habr\u00edan ocurrido en la casa del cantante ubicada en el barrio de Saavedra. &#8220;Esa noche yo me quer\u00eda ir de casa y \u00e9l pensaba que era una pelea m\u00e1s. Me encerr\u00e9 en el cuarto para que a \u00e9l se le pase la locura de la droga y del alcohol&#8221;, dijo Bora a La Naci\u00f3n en una entrevista que concedi\u00f3 en 2018.<\/p>\n\n\n\n<p>Y agreg\u00f3: &#8220;Chano estaba como loco y, cuando me dorm\u00ed, entr\u00f3 en el cuarto como para tener relaciones. \u00c9l no pod\u00eda entender que yo le dije que \u2018no\u2019. Hubo un hecho de violaci\u00f3n&#8221;.<\/p>\n\n\n\n<p>Luego de que se hiciera p\u00fablico el procesamiento del l\u00edder de Tan Bi\u00f3nica, un cronista de A la Tarde (Am\u00e9rica) convers\u00f3 con Militta Bora. La cantante evit\u00f3 hacer declaraciones y remarc\u00f3 en que no est\u00e1 interesada en que la denuncia se transforme en un tema medi\u00e1tico.<\/p>\n\n\n\n<p>&#8220;Las cosas de la Justicia son cosas de la Justicia, no hago show con eso&#8221;, sostuvo la denunciante. Y agreg\u00f3: &#8220;Si yo quisiera hablar del tema, voy y me siento. No quiero hablar, lo llevo en el \u00e1mbito privado&#8221;.<\/p>\n","protected":false},"excerpt":{"rendered":"<p>Chano Charpentier fue sobrese\u00eddo en la causa que Militta Bora le inici\u00f3 por abuso sexual en 2018. Los artistas fueron pareja durante dos meses en 2016 y la relaci\u00f3n termin\u00f3&hellip; <\/p>\n","protected":false},"author":1,"featured_media":178502,"comment_status":"closed","ping_status":"open","sticky":false,"template":"","format":"standard","meta":{"footnotes":""},"categories":[19],"tags":[],"class_list":["post-178494","post","type-post","status-publish","format-standard","has-post-thumbnail","hentry","category-espectaculos"],"_links":{"self":[{"href":"https:\/\/corrientesdetarde.com\/index.php\/wp-json\/wp\/v2\/posts\/178494","targetHints":{"allow":["GET"]}}],"collection":[{"href":"https:\/\/corrientesdetarde.com\/index.php\/wp-json\/wp\/v2\/posts"}],"about":[{"href":"https:\/\/corrientesdetarde.com\/index.php\/wp-json\/wp\/v2\/types\/post"}],"author":[{"embeddable":true,"href":"https:\/\/corrientesdetarde.com\/index.php\/wp-json\/wp\/v2\/users\/1"}],"replies":[{"embeddable":true,"href":"https:\/\/corrientesdetarde.com\/index.php\/wp-json\/wp\/v2\/comments?post=178494"}],"version-history":[{"count":1,"href":"https:\/\/corrientesdetarde.com\/index.php\/wp-json\/wp\/v2\/posts\/178494\/revisions"}],"predecessor-version":[{"id":178503,"href":"https:\/\/corrientesdetarde.com\/index.php\/wp-json\/wp\/v2\/posts\/178494\/revisions\/178503"}],"wp:featuredmedia":[{"embeddable":true,"href":"https:\/\/corrientesdetarde.com\/index.php\/wp-json\/wp\/v2\/media\/178502"}],"wp:attachment":[{"href":"https:\/\/corrientesdetarde.com\/index.php\/wp-json\/wp\/v2\/media?parent=178494"}],"wp:term":[{"taxonomy":"category","embeddable":true,"href":"https:\/\/corrientesdetarde.com\/index.php\/wp-json\/wp\/v2\/categories?post=178494"},{"taxonomy":"post_tag","embeddable":true,"href":"https:\/\/corrientesdetarde.com\/index.php\/wp-json\/wp\/v2\/tags?post=178494"}],"curies":[{"name":"wp","href":"https:\/\/api.w.org\/{rel}","templated":true}]}}