{"id":178501,"date":"2024-12-11T08:24:23","date_gmt":"2024-12-11T11:24:23","guid":{"rendered":"https:\/\/corrientesdetarde.com\/?p=178501"},"modified":"2024-12-11T08:24:27","modified_gmt":"2024-12-11T11:24:27","slug":"laudelina-tia-de-loan-apelo-su-procesamiento","status":"publish","type":"post","link":"https:\/\/corrientesdetarde.com\/index.php\/policiales\/laudelina-tia-de-loan-apelo-su-procesamiento\/","title":{"rendered":"Laudelina, t\u00eda de Loan, apel\u00f3 su procesamiento"},"content":{"rendered":"\n<p>Laudelina Pe\u00f1a, t\u00eda de Loan Pe\u00f1a, ha apelado el procesamiento que pesa sobre ella por su presunta participaci\u00f3n en la desaparici\u00f3n y ocultamiento de su sobrino de cinco a\u00f1os. El ni\u00f1o fue reportado como desaparecido el 13 de junio de 2024, en un caso que ha conmocionado a la comunidad de Corrientes. Tras una exhaustiva investigaci\u00f3n, Pe\u00f1a fue detenida por el Ministerio P\u00fablico Fiscal, acusada de estar involucrada en la sustracci\u00f3n y ocultamiento del menor, as\u00ed como en la alteraci\u00f3n de evidencias clave en el caso.<br><br>C\u00f3mo sigue la investigaci\u00f3n por el caso Loan Pe\u00f1a<br>&nbsp;<\/p>\n\n\n\n<p>La desaparici\u00f3n de Loan Danilo Pe\u00f1a gener\u00f3 una intensa b\u00fasqueda por parte de las autoridades, que incluy\u00f3 la revisi\u00f3n de c\u00e1maras de seguridad, testimonios de familiares y allegados, y el an\u00e1lisis de pruebas f\u00edsicas. Durante este proceso, Laudelina Pe\u00f1a fue identificada como una de las principales sospechosas, ya que se descubri\u00f3 que ten\u00eda conocimiento de la ubicaci\u00f3n del ni\u00f1o y presuntamente particip\u00f3 en su ocultamiento. Adem\u00e1s, se encontr\u00f3 que pudo haber alterado algunas pruebas relacionadas con el caso, lo que motiv\u00f3 la imputaci\u00f3n de delitos adicionales.<\/p>\n\n\n\n<p>El 5 de julio de 2024, la justicia orden\u00f3 la detenci\u00f3n de Pe\u00f1a tras su declaraci\u00f3n indagatoria, lo que la llev\u00f3 a apelar la decisi\u00f3n. En su apelaci\u00f3n, la mujer sostiene que no tuvo participaci\u00f3n directa en la desaparici\u00f3n de Loan y busca recuperar su libertad, a pesar de los elementos que la vinculan con el hecho. La fiscal\u00eda ha presentado nuevos elementos que complican a\u00fan m\u00e1s su defensa, y la situaci\u00f3n judicial de Pe\u00f1a sigue siendo incierta mientras avanzan las investigaciones.<\/p>\n\n\n\n<p>El caso sigue en desarrollo y las autoridades contin\u00faan trabajando para esclarecer la verdad detr\u00e1s de la desaparici\u00f3n de Loan Danilo Pe\u00f1a. La apelaci\u00f3n de Laudelina se espera que sea analizada por los tribunales en las pr\u00f3ximas semanas, mientras la familia del ni\u00f1o espera respuestas sobre su paradero.<\/p>\n","protected":false},"excerpt":{"rendered":"<p>Laudelina Pe\u00f1a, t\u00eda de Loan Pe\u00f1a, ha apelado el procesamiento que pesa sobre ella por su presunta participaci\u00f3n en la desaparici\u00f3n y ocultamiento de su sobrino de cinco a\u00f1os. El&hellip; <\/p>\n","protected":false},"author":1,"featured_media":155231,"comment_status":"closed","ping_status":"open","sticky":false,"template":"","format":"standard","meta":{"footnotes":""},"categories":[33],"tags":[],"class_list":["post-178501","post","type-post","status-publish","format-standard","has-post-thumbnail","hentry","category-policiales"],"_links":{"self":[{"href":"https:\/\/corrientesdetarde.com\/index.php\/wp-json\/wp\/v2\/posts\/178501","targetHints":{"allow":["GET"]}}],"collection":[{"href":"https:\/\/corrientesdetarde.com\/index.php\/wp-json\/wp\/v2\/posts"}],"about":[{"href":"https:\/\/corrientesdetarde.com\/index.php\/wp-json\/wp\/v2\/types\/post"}],"author":[{"embeddable":true,"href":"https:\/\/corrientesdetarde.com\/index.php\/wp-json\/wp\/v2\/users\/1"}],"replies":[{"embeddable":true,"href":"https:\/\/corrientesdetarde.com\/index.php\/wp-json\/wp\/v2\/comments?post=178501"}],"version-history":[{"count":1,"href":"https:\/\/corrientesdetarde.com\/index.php\/wp-json\/wp\/v2\/posts\/178501\/revisions"}],"predecessor-version":[{"id":178504,"href":"https:\/\/corrientesdetarde.com\/index.php\/wp-json\/wp\/v2\/posts\/178501\/revisions\/178504"}],"wp:featuredmedia":[{"embeddable":true,"href":"https:\/\/corrientesdetarde.com\/index.php\/wp-json\/wp\/v2\/media\/155231"}],"wp:attachment":[{"href":"https:\/\/corrientesdetarde.com\/index.php\/wp-json\/wp\/v2\/media?parent=178501"}],"wp:term":[{"taxonomy":"category","embeddable":true,"href":"https:\/\/corrientesdetarde.com\/index.php\/wp-json\/wp\/v2\/categories?post=178501"},{"taxonomy":"post_tag","embeddable":true,"href":"https:\/\/corrientesdetarde.com\/index.php\/wp-json\/wp\/v2\/tags?post=178501"}],"curies":[{"name":"wp","href":"https:\/\/api.w.org\/{rel}","templated":true}]}}