{"id":178582,"date":"2024-12-11T15:00:53","date_gmt":"2024-12-11T18:00:53","guid":{"rendered":"https:\/\/corrientesdetarde.com\/?p=178582"},"modified":"2024-12-11T15:01:04","modified_gmt":"2024-12-11T18:01:04","slug":"positivo-balance-de-los-primeros-diez-caps-capacitados-por-la-uep","status":"publish","type":"post","link":"https:\/\/corrientesdetarde.com\/index.php\/bienestar-y-salud\/positivo-balance-de-los-primeros-diez-caps-capacitados-por-la-uep\/","title":{"rendered":"Positivo balance de los primeros diez CAPS capacitados por la UEP"},"content":{"rendered":"\n<p><em>La Unidad Ejecutora Provincial desde el mes de octubre y hasta diciembre lleva adelante capacitaciones sobre facturaci\u00f3n en cada Centro de Atenci\u00f3n Primaria de la Salud. Ambas instituciones realizaron un balance que result\u00f3 positivo para comenzar con la implementaci\u00f3n de nuevos procesos de trabajo.<\/em><\/p>\n\n\n\n<p>El Ministerio de Salud P\u00fablica, a trav\u00e9s de la Unidad Ejecutora Provincial (UEP), realiz\u00f3 un relevamiento del personal dedicado al arancelamiento y facturaci\u00f3n en los Centros de Atenci\u00f3n Primaria de la Salud (CAPS), as\u00ed como el an\u00e1lisis de las capacitaciones que se vienen realizando&nbsp; sobre un Sistema Integrado de Informaci\u00f3n.<br>El resultado de este trabajo se evalu\u00f3 en la oficina de la UEP donde estuvo presente el&nbsp;director de Coordinaci\u00f3n de CAPS Capital, Christian Sarquis, y Mar\u00eda Sof\u00eda Mas\u00edas, coordinadora del \u00c1rea M\u00e9dica. Ambos, fueron recibidos por el director General de la UEP, Ariel V\u00e1zquez y su equipo de la Direcci\u00f3n T\u00e9cnica y Convenios.<br>Al respecto, el contador Ariel V\u00e1zquez explic\u00f3 &#8220;desde octubre que iniciamos una campa\u00f1a de relevamiento de todos los problemas de facturaci\u00f3n y tambi\u00e9n en cuanto al personal que tienen, siempre en relaci\u00f3n al arancelamiento (facturaci\u00f3n, liquidaci\u00f3n y admisi\u00f3n) y el involucramiento por parte de los distintos directores y autoridades de los mismos con respecto al arancelamiento&#8221;.<br>&#8220;Hicimos un an\u00e1lisis minucioso de cada centro de salud y con ello fuimos diagramando soluciones y recomendaciones&#8221;, y agreg\u00f3 &#8220;en funci\u00f3n de eso hicimos el primer corte, si bien son 17 CAPS, hicimos este corte con los primeros 10 junto a los dos coordinadores de CAPS y les expusimos los resultados del relevamiento que realizamos, las recomendaciones que hab\u00edamos elaborado y en funci\u00f3n de eso mostramos los n\u00fameros de recaudaci\u00f3n que tienen\u201d.&nbsp;<br>Adem\u00e1s, detall\u00f3 que \u201cexplicamos sobre los que mejoraron y los que no; en funci\u00f3n de eso, escuchamos los problemas que se tiene por el lado de las instituciones&#8221;.<br>&#8220;De acuerdo a todo eso sacamos conclusiones y vamos a llevar adelante un plan de trabajo para sanear todos los problemas encontrados con respecto al personal, al compromiso de los directivos y mejorar todo lo que sea facturaci\u00f3n y liquidaci\u00f3n&#8221;, concluy\u00f3 V\u00e1zquez.<br>En misma sinton\u00eda, Sarquis coment\u00f3 &#8220;hicimos una reuni\u00f3n de todo lo que se viene trabajando este a\u00f1o en los diferentes CAPS, las capacitaciones que se vienen llevando adelante en todo lo que es el Recupero de Gastos y creo que es muy positivo lo que sacamos en conclusi\u00f3n&#8221; y agreg\u00f3 &#8220;esto no queda ac\u00e1 se va a seguir trabajando en muchos otros objetivos que ya nos planteamos para futuro&#8221;.<br>\u201cEstamos muy contentos con todo el acompa\u00f1amiento que recibimos de la UEP y todas las iniciativas que tienen los directores de cada centro de salud para poder ir haciendo un buen Recupero de Gastos y que todos puedan tener una independencia financiera en cada servicio y dar un buen servicio para la poblaci\u00f3n&#8221;, continu\u00f3.<br>Finaliz\u00f3: &#8220;Seguimos capacitando en los que quedan y continuaremos en enero y febrero en el sentido de plantearse otros objetivos, hacer un sostenimiento en todo lo que se fue capacitando y tambi\u00e9n tratar otros temas para mejorar como ser liquidaciones, por ejemplo&#8221;.<br>Continuando con esta primera etapa de capacitaci\u00f3n y culminando con el cronograma de este este a\u00f1o, este mes el equipo de la Direcci\u00f3n T\u00e9cnica y Convenios de la UEP tiene programado acercarse a los CAPS XV, XVI, XVII.<\/p>\n\n\n\n<figure class=\"wp-block-image size-large\"><img loading=\"lazy\" decoding=\"async\" width=\"1024\" height=\"771\" src=\"https:\/\/corrientesdetarde.com\/wp-content\/uploads\/2024\/12\/image-545-1024x771.png\" alt=\"\" class=\"wp-image-178584\" srcset=\"https:\/\/corrientesdetarde.com\/wp-content\/uploads\/2024\/12\/image-545-1024x771.png 1024w, https:\/\/corrientesdetarde.com\/wp-content\/uploads\/2024\/12\/image-545-300x226.png 300w, https:\/\/corrientesdetarde.com\/wp-content\/uploads\/2024\/12\/image-545-768x578.png 768w, https:\/\/corrientesdetarde.com\/wp-content\/uploads\/2024\/12\/image-545.png 1280w\" sizes=\"auto, (max-width: 1024px) 100vw, 1024px\" \/><\/figure>\n\n\n\n<figure class=\"wp-block-image size-large\"><img loading=\"lazy\" decoding=\"async\" width=\"771\" height=\"1024\" src=\"https:\/\/corrientesdetarde.com\/wp-content\/uploads\/2024\/12\/image-546-771x1024.png\" alt=\"\" class=\"wp-image-178585\" srcset=\"https:\/\/corrientesdetarde.com\/wp-content\/uploads\/2024\/12\/image-546-771x1024.png 771w, https:\/\/corrientesdetarde.com\/wp-content\/uploads\/2024\/12\/image-546-226x300.png 226w, https:\/\/corrientesdetarde.com\/wp-content\/uploads\/2024\/12\/image-546-768x1020.png 768w, https:\/\/corrientesdetarde.com\/wp-content\/uploads\/2024\/12\/image-546.png 964w\" sizes=\"auto, (max-width: 771px) 100vw, 771px\" \/><\/figure>\n","protected":false},"excerpt":{"rendered":"<p>La Unidad Ejecutora Provincial desde el mes de octubre y hasta diciembre lleva adelante capacitaciones sobre facturaci\u00f3n en cada Centro de Atenci\u00f3n Primaria de la Salud. Ambas instituciones realizaron un&hellip; <\/p>\n","protected":false},"author":8,"featured_media":178583,"comment_status":"closed","ping_status":"open","sticky":false,"template":"","format":"standard","meta":{"footnotes":""},"categories":[16],"tags":[],"class_list":["post-178582","post","type-post","status-publish","format-standard","has-post-thumbnail","hentry","category-bienestar-y-salud"],"_links":{"self":[{"href":"https:\/\/corrientesdetarde.com\/index.php\/wp-json\/wp\/v2\/posts\/178582","targetHints":{"allow":["GET"]}}],"collection":[{"href":"https:\/\/corrientesdetarde.com\/index.php\/wp-json\/wp\/v2\/posts"}],"about":[{"href":"https:\/\/corrientesdetarde.com\/index.php\/wp-json\/wp\/v2\/types\/post"}],"author":[{"embeddable":true,"href":"https:\/\/corrientesdetarde.com\/index.php\/wp-json\/wp\/v2\/users\/8"}],"replies":[{"embeddable":true,"href":"https:\/\/corrientesdetarde.com\/index.php\/wp-json\/wp\/v2\/comments?post=178582"}],"version-history":[{"count":1,"href":"https:\/\/corrientesdetarde.com\/index.php\/wp-json\/wp\/v2\/posts\/178582\/revisions"}],"predecessor-version":[{"id":178586,"href":"https:\/\/corrientesdetarde.com\/index.php\/wp-json\/wp\/v2\/posts\/178582\/revisions\/178586"}],"wp:featuredmedia":[{"embeddable":true,"href":"https:\/\/corrientesdetarde.com\/index.php\/wp-json\/wp\/v2\/media\/178583"}],"wp:attachment":[{"href":"https:\/\/corrientesdetarde.com\/index.php\/wp-json\/wp\/v2\/media?parent=178582"}],"wp:term":[{"taxonomy":"category","embeddable":true,"href":"https:\/\/corrientesdetarde.com\/index.php\/wp-json\/wp\/v2\/categories?post=178582"},{"taxonomy":"post_tag","embeddable":true,"href":"https:\/\/corrientesdetarde.com\/index.php\/wp-json\/wp\/v2\/tags?post=178582"}],"curies":[{"name":"wp","href":"https:\/\/api.w.org\/{rel}","templated":true}]}}