{"id":178603,"date":"2024-12-11T15:45:23","date_gmt":"2024-12-11T18:45:23","guid":{"rendered":"https:\/\/corrientesdetarde.com\/?p=178603"},"modified":"2024-12-11T15:45:27","modified_gmt":"2024-12-11T18:45:27","slug":"piden-que-el-exjuez-walter-bento-vuelva-a-la-carcel-esta-acusado-de-liderar-una-banda-que-pedia-coimas","status":"publish","type":"post","link":"https:\/\/corrientesdetarde.com\/index.php\/politica\/piden-que-el-exjuez-walter-bento-vuelva-a-la-carcel-esta-acusado-de-liderar-una-banda-que-pedia-coimas\/","title":{"rendered":"Piden que el exjuez Walter Bento vuelva a la c\u00e1rcel: est\u00e1 acusado de liderar una banda que ped\u00eda coimas"},"content":{"rendered":"\n<p>El Ministerio P\u00fablico Fiscal rechaz\u00f3 el pedido de los abogados defensores para que se sostenga el arresto domiciliario de manera permanente. El Tribunal Oral Federal N\u00b02 definir\u00e1 si sigue con el beneficio.<\/p>\n\n\n\n<p>La fiscal\u00eda pidi\u00f3 que el exjuez federal&nbsp;<strong>Walter Bento vuelva a la c\u00e1rcel federal de Cacheuta<\/strong>&nbsp;tras estar quince d\u00edas con prisi\u00f3n domiciliaria por una excepci\u00f3n aprobada por los jueces. El Tribunal Oral Federal N\u00b02 ahora deber\u00e1 definir si aprueba el pedido de la defensa.<\/p>\n\n\n\n<p>El Ministerio P\u00fablico Fiscal<strong>&nbsp;rechaz\u00f3 el pedido&nbsp;<\/strong>que realizaron los abogados defensores para que&nbsp;<strong>el arresto domiciliario de Bento sea de manera permanente&nbsp;<\/strong>y este mi\u00e9rcoles se venci\u00f3 el plazo de 15 d\u00edas de prisi\u00f3n domiciliaria con el que hab\u00edan beneficiado al exjuez federal. Fue destituido de su cargo y es investigado por&nbsp;<strong>15 causas de asociaci\u00f3n il\u00edcita, abuso de autoridad y enriquecimiento mediante coimas<\/strong>.<\/p>\n\n\n\n<p>El 25 de noviembre, las juezas accedieron a que el principal sospechoso est\u00e9 arrestado durante 15 d\u00edas en su casa ubicada en el barrio Palmares, bajo el argumento de que \u201cesquema de cuidados\u201d de su hijo&nbsp;<strong>Facundo Bento&nbsp;<\/strong>\u201cno resulta suficiente y es necesario<strong>&nbsp;reforzarlo con la presencia del padre&nbsp;<\/strong>hasta tanto pueda lograrse reacomodar la din\u00e1mica familiar\u201d.<\/p>\n\n\n\n<p>Los fiscales&nbsp;<strong>Dante Vega y Mar\u00eda Gloria Andr\u00e9&nbsp;<\/strong>se\u00f1alaron que \u201cel mantenimiento de la prisi\u00f3n domiciliaria de Bento es&nbsp;<strong>improcedente y debe ser rechazado\u201d&nbsp;<\/strong>y aseguraron que no hay \u201cun fundamento v\u00e1lido para mantener la prisi\u00f3n domiciliaria de Bento\u201d.<\/p>\n\n\n\n<p>Ambos solicitaron que se dispongan \u201csu&nbsp;<strong>realojamiento en el complejo penitenciario<\/strong>&nbsp;a las resultas del proceso\u201d y se\u00f1alaron que el hijo del exjuez federal,&nbsp;<strong>Facundo Bento,&nbsp;<\/strong>\u201cno es una persona con discapacidad que se encuentre desamparada ni por su familia ni por el Estado\u201d.<\/p>\n\n\n\n<figure class=\"wp-block-image\"><img decoding=\"async\" src=\"https:\/\/tn.com.ar\/resizer\/v2\/el-juez-federal-de-mendoza-walter-bento-fue-destituido-hoy-por-el-jurado-del-consejo-de-la-magistratura-que-considero-probado-por-mayoria-que-el-magistrado-incurrio-en-mal-desempeno-de-sus-funciones-y-luego-quedo-detenido-en-mendoza-tras-perder-la-inmunidad-de-arresto-y-como-parte-del-juicio-penal-que-investiga-delitos-graves-cometidos-en-su-desempeno-como-juez-foto-telam-ZAWZGDNBGZDJ7GHP5BDHLLNHV4.jpg?auth=e128bda5b11d7ad5945737111edc8b0891135a3311c1ff97e8057851ca27164f&amp;width=767\" alt=\"El juez federal de Mendoza, Walter Bento, fue destituido hoy por el jurado del Consejo de la Magistratura que consider\u00f3 probado por mayor\u00eda que el magistrado incurri\u00f3 en &quot;mal desempe\u00f1o&quot; de sus funciones, y luego qued\u00f3 detenido en Mendoza tras perder la inmunidad de arresto y como parte del juicio penal que investiga delitos graves cometidos en su desempe\u00f1o como juez. (Foto: T\u00e9lam).\"\/><\/figure>\n\n\n\n<p>\u201cSus&nbsp;<strong>condiciones socioecon\u00f3micas<\/strong>, la integraci\u00f3n de su grupo familiar y las prestaciones que se le brindan por intermedio de instituciones y profesionales diversos&nbsp;<strong>conforman un contexto de asistencia y protecci\u00f3n de derechos<\/strong>&nbsp;compatible con la normativa vigente, tanto interna como internacional\u201d, remarcaron.<\/p>\n\n\n\n<p>En ese sentido, agregaron<strong>: \u201cTiene dos hermanos mayores de edad que residen cerca de su hogar<\/strong>, cuyas obligaciones y posibilidades de cuidado respecto de su hermano con discapacidad fueron valoradas en diferentes momentos por el Tribunal, sin que se hayan constatado impedimentos objetivos para que lo asistan o acompa\u00f1en en la medida de sus posibilidades y con arreglo a sus propias circunstancias, como ocurre encualquier familia\u201d.<\/p>\n\n\n\n<p>Entre los distintos argumentos que plantearon para justificar el regreso de Bento a la c\u00e1rcel federal, los fiscales aseguraron que \u201c<strong>el interesado cuenta con la cobertura plena\u201d&nbsp;<\/strong>de la Obra Social del Poder Judicial de la Naci\u00f3n, \u201ccon asistente\/cuidador domiciliario las 24 horas, desde julio\u201d.<\/p>\n\n\n\n<p>Un dato muy relevante del dictamen es que la esposa de Bento, Marta Boiza, cuya internaci\u00f3n fue uno de los principales motivos de la prisi\u00f3n domiciliaria del exmagistrado,&nbsp;<strong>\u201cfue dada de alta el 29 de noviembre\u201d<\/strong>. \u201cEl contexto actual es otro, en tanto su madre ha retornado a la vivienda\u201d, se\u00f1alaron los fiscales.<\/p>\n\n\n\n<p>El plazo excepcional de dos semanas venci\u00f3 este mi\u00e9rcoles y el tribunal deber\u00e1 definir si rechaza el pedido de la defensa. En caso de que sea rechazado, Walter Bento deber\u00eda regresar al&nbsp;<strong>Complejo Penitenciario Federal VI&nbsp;<\/strong>ubicado en la ciudad mendocina de&nbsp;<strong>Cacheuta.<\/strong><\/p>\n","protected":false},"excerpt":{"rendered":"<p>El Ministerio P\u00fablico Fiscal rechaz\u00f3 el pedido de los abogados defensores para que se sostenga el arresto domiciliario de manera permanente. El Tribunal Oral Federal N\u00b02 definir\u00e1 si sigue con&hellip; <\/p>\n","protected":false},"author":8,"featured_media":178604,"comment_status":"closed","ping_status":"open","sticky":false,"template":"","format":"standard","meta":{"footnotes":""},"categories":[3],"tags":[],"class_list":["post-178603","post","type-post","status-publish","format-standard","has-post-thumbnail","hentry","category-politica"],"_links":{"self":[{"href":"https:\/\/corrientesdetarde.com\/index.php\/wp-json\/wp\/v2\/posts\/178603","targetHints":{"allow":["GET"]}}],"collection":[{"href":"https:\/\/corrientesdetarde.com\/index.php\/wp-json\/wp\/v2\/posts"}],"about":[{"href":"https:\/\/corrientesdetarde.com\/index.php\/wp-json\/wp\/v2\/types\/post"}],"author":[{"embeddable":true,"href":"https:\/\/corrientesdetarde.com\/index.php\/wp-json\/wp\/v2\/users\/8"}],"replies":[{"embeddable":true,"href":"https:\/\/corrientesdetarde.com\/index.php\/wp-json\/wp\/v2\/comments?post=178603"}],"version-history":[{"count":1,"href":"https:\/\/corrientesdetarde.com\/index.php\/wp-json\/wp\/v2\/posts\/178603\/revisions"}],"predecessor-version":[{"id":178605,"href":"https:\/\/corrientesdetarde.com\/index.php\/wp-json\/wp\/v2\/posts\/178603\/revisions\/178605"}],"wp:featuredmedia":[{"embeddable":true,"href":"https:\/\/corrientesdetarde.com\/index.php\/wp-json\/wp\/v2\/media\/178604"}],"wp:attachment":[{"href":"https:\/\/corrientesdetarde.com\/index.php\/wp-json\/wp\/v2\/media?parent=178603"}],"wp:term":[{"taxonomy":"category","embeddable":true,"href":"https:\/\/corrientesdetarde.com\/index.php\/wp-json\/wp\/v2\/categories?post=178603"},{"taxonomy":"post_tag","embeddable":true,"href":"https:\/\/corrientesdetarde.com\/index.php\/wp-json\/wp\/v2\/tags?post=178603"}],"curies":[{"name":"wp","href":"https:\/\/api.w.org\/{rel}","templated":true}]}}