{"id":178606,"date":"2024-12-11T15:50:13","date_gmt":"2024-12-11T18:50:13","guid":{"rendered":"https:\/\/corrientesdetarde.com\/?p=178606"},"modified":"2024-12-11T15:50:18","modified_gmt":"2024-12-11T18:50:18","slug":"villarruel-convoco-a-la-sesion-para-tratar-el-caso-kueider-llego-la-hora-de-sacar-la-mugre-del-senado","status":"publish","type":"post","link":"https:\/\/corrientesdetarde.com\/index.php\/politica\/villarruel-convoco-a-la-sesion-para-tratar-el-caso-kueider-llego-la-hora-de-sacar-la-mugre-del-senado\/","title":{"rendered":"Villarruel convoc\u00f3 a la sesi\u00f3n para tratar el caso Kueider: \u201cLleg\u00f3 la hora de sacar la mugre del Senado\u201d"},"content":{"rendered":"\n<p>La titular de la C\u00e1mara Alta cuestion\u00f3 al legislador peronista que fue encontrado con m\u00e1s de US$200.000 en Paraguay. Tambi\u00e9n le dedic\u00f3 fuertes cr\u00edticas al kirchnerismo.<\/p>\n\n\n\n<p>La vicepresidenta y titular del Senado\u00a0<strong>Victoria Villarrue<\/strong>l\u00a0convoc\u00f3 a la\u00a0sesi\u00f3n\u00a0del jueves a las 11.00 en la C\u00e1mara Alta para tratar el caso del legislador peronista,\u00a0<strong>Edgardo Kueider,<\/strong>\u00a0para debartir la suspensi\u00f3n o expulsi\u00f3n. El dirigente peronsita cumple prisi\u00f3n domiciliaria en Paraguay, tras ser detenido con\u00a0<strong>m\u00e1s de US$200.000 sin declarar.<\/strong><\/p>\n\n\n\n<p>Villarruel public\u00f3 en su cuenta de&nbsp;<em>X: \u201c<\/em>Para&nbsp;<strong>no dilatar los tiempos,<\/strong>&nbsp;junto al presidente Provisional (Bartolom\u00e9) Abdala llamamos a una sesi\u00f3n ma\u00f1ana para que tratemos los actos inmorales que son de p\u00fablico conocimiento del senador Kueider, y que exponen una vez m\u00e1s&nbsp;<strong>la hipocres\u00eda del kirchnerismo\u201d.<\/strong><\/p>\n\n\n\n<p>La Vicepresidenta redobl\u00f3 las cr\u00edticas contra el senador: \u201cLo de Kueider es sin dudas un&nbsp;<strong>bochorno&nbsp;<\/strong>que merece recibir un&nbsp;<strong>castigo ejemplar,<\/strong>&nbsp;aunque al kirchnerismo lo \u00fanico que le importa es<strong>&nbsp;quedarse con su banca&nbsp;<\/strong>(s\u00ed, Kueider entr\u00f3 en la boleta de Cristina) y as\u00ed&nbsp;<strong>entorpecer<\/strong>&nbsp;la tarea de nuestro Gobierno\u201d.<\/p>\n\n\n\n<h2 class=\"wp-block-heading\">Fuertes reclamos de Victoria Villarruel al kirchnerismo por el esc\u00e1ndalo de Edgardo Kueider<\/h2>\n\n\n\n<p>En su mensaje, Villarruel plante\u00f3 fuertes cuestionamientos a su antecesora,\u00a0<strong>Cristina Kirchner:<\/strong>\u00a0\u201cDe esta manera, aprovechando la milagrosa nueva lucidez moral y \u00e9tica de los esbirros de Cristina, me hubiera gustado incluir tambi\u00e9n, un proyecto presentado por el senador Abdala para\u00a0<strong>suspender<\/strong>\u00a0al senador<strong>\u00a0(Oscar) Parrilli,\u00a0<\/strong>quien<strong>\u00a0ir\u00e1 a juicio oral<\/strong>\u00a0nada m\u00e1s y nada menos que por encubrimiento agravado y TRAICI\u00d3N A LA PATRIA, pero no hubo consenso entre los senadores para firmar ese pedido lo cual lamento enormemente\u201d.<\/p>\n\n\n\n<figure class=\"wp-block-image\"><img decoding=\"async\" src=\"https:\/\/tn.com.ar\/resizer\/v2\/victoria-villarruel-convoco-a-la-sesion-en-el-senado-para-tratar-el-caso-de-edgardo-kueider-merece-un-castigo-ejemplar-foto-captura-x-vickyvillarruel-6GUQFWV35ZB47I3UXV6J5EWQGA.jpg?auth=a427347446781c47c3d9538aa95d7c75e2c51cb90afe4a9346b6d59873ed37bb&amp;width=767\" alt=\"Victoria Villarruel convoc\u00f3 a la sesi\u00f3n en el Senado para tratar el caso de Edgardo Kueider: &quot;Merece un castigo ejemplar&quot;. (Foto: captura X @VickyVillarruel)\"\/><\/figure>\n\n\n\n<p>Villarruel acus\u00f3 al kirchnerismo de \u201chaber&nbsp;<strong>negociado la sangre derramada<\/strong>&nbsp;de argentinos inocentes\u201d y advirti\u00f3, en alusi\u00f3n a Parrilli, que \u201clos argentinos de bien no queremos traidores a la Patria caminando por los pasillos de la C\u00e1mara por lo cual espero que los senadores de todos los bloques recapaciten y&nbsp;<strong>entiendan el cambio de \u00e9poca<\/strong>&nbsp;de una vez por todas\u201d. \u201cLleg\u00f3 la hora de sacar la mugre del Senado, sin contemplaciones ante la corrupci\u00f3n que puso a nuestro pa\u00eds de rodillas\u201d, remarc\u00f3.<\/p>\n\n\n\n<h2 class=\"wp-block-heading\">Las claves de la sesi\u00f3n del jueves en el Senado para tratar la situaci\u00f3n de Edgardo Kueider<\/h2>\n\n\n\n<ul class=\"wp-block-list\">\n<li>El\u00a0Interbloque kirchnerista que encabeza\u00a0<strong>Jos\u00e9 Mayans<\/strong>\u00a0en el Senado hab\u00eda pedido tratar este jueves la<strong>\u00a0expulsi\u00f3n del senador Kueider,<\/strong>\u00a0que cumple arresto domiciliario en Paraguay<strong>.<\/strong>\u00a0Sin embargo, pese a que se har\u00e1 la sesi\u00f3n, no es seguro que est\u00e9n los n\u00fameros y hoy la C\u00e1mara se inclina m\u00e1s por suspender a Kueider hasta el 1\u00b0 de marzo,\u00a0<strong>como anticip\u00f3 .<\/strong><\/li>\n\n\n\n<li>El interbloque de Mayans necesita lograr los dos tercios del Cuerpo para tratar esa moci\u00f3n de expulsi\u00f3n. Previamente, conseguir los 37 senadores para el qu\u00f3rum que habilite el recinto de sesiones, punto que estar\u00eda garantizado con la presencia del PRO.<\/li>\n\n\n\n<li>El primer\u00a0<strong>inconveniente\u00a0<\/strong>para el kirchnerismo es quegana espacio en el Senado la idea de suspender al senador por Entre R\u00edos, que fue detenido en el vecino pa\u00eds con 200 mil d\u00f3lares que no pudo justificar.<\/li>\n\n\n\n<li>La presidenta del Senadomantuvo reuniones buscando acuerdos parlamentarios. El \u00faltimo encuentro fue con los senadores Luis Juez (Pro); Carlos Esp\u00ednola (Las Provincias Unidas), Ezequiel Atauche y Abdala de La Libertad Avanza.<\/li>\n\n\n\n<li>La Vicepresidenta habilit\u00f3 la sesi\u00f3n para, en primer t\u00e9rmino, aceptarle, sin goce de haberes<strong>,\u00a0<\/strong>la licencia que Kueider elev\u00f3 a la C\u00e1mara\u00a0desde su lugar de detenci\u00f3n. Aunque tambi\u00e9n se negocia para\u00a0<strong>suspenderlo\u00a0<\/strong>hasta el pr\u00f3ximo 1\u00b0 de marzo de 2025.<\/li>\n<\/ul>\n","protected":false},"excerpt":{"rendered":"<p>La titular de la C\u00e1mara Alta cuestion\u00f3 al legislador peronista que fue encontrado con m\u00e1s de US$200.000 en Paraguay. Tambi\u00e9n le dedic\u00f3 fuertes cr\u00edticas al kirchnerismo. La vicepresidenta y titular&hellip; <\/p>\n","protected":false},"author":8,"featured_media":178607,"comment_status":"closed","ping_status":"open","sticky":false,"template":"","format":"standard","meta":{"footnotes":""},"categories":[3],"tags":[],"class_list":["post-178606","post","type-post","status-publish","format-standard","has-post-thumbnail","hentry","category-politica"],"_links":{"self":[{"href":"https:\/\/corrientesdetarde.com\/index.php\/wp-json\/wp\/v2\/posts\/178606","targetHints":{"allow":["GET"]}}],"collection":[{"href":"https:\/\/corrientesdetarde.com\/index.php\/wp-json\/wp\/v2\/posts"}],"about":[{"href":"https:\/\/corrientesdetarde.com\/index.php\/wp-json\/wp\/v2\/types\/post"}],"author":[{"embeddable":true,"href":"https:\/\/corrientesdetarde.com\/index.php\/wp-json\/wp\/v2\/users\/8"}],"replies":[{"embeddable":true,"href":"https:\/\/corrientesdetarde.com\/index.php\/wp-json\/wp\/v2\/comments?post=178606"}],"version-history":[{"count":1,"href":"https:\/\/corrientesdetarde.com\/index.php\/wp-json\/wp\/v2\/posts\/178606\/revisions"}],"predecessor-version":[{"id":178608,"href":"https:\/\/corrientesdetarde.com\/index.php\/wp-json\/wp\/v2\/posts\/178606\/revisions\/178608"}],"wp:featuredmedia":[{"embeddable":true,"href":"https:\/\/corrientesdetarde.com\/index.php\/wp-json\/wp\/v2\/media\/178607"}],"wp:attachment":[{"href":"https:\/\/corrientesdetarde.com\/index.php\/wp-json\/wp\/v2\/media?parent=178606"}],"wp:term":[{"taxonomy":"category","embeddable":true,"href":"https:\/\/corrientesdetarde.com\/index.php\/wp-json\/wp\/v2\/categories?post=178606"},{"taxonomy":"post_tag","embeddable":true,"href":"https:\/\/corrientesdetarde.com\/index.php\/wp-json\/wp\/v2\/tags?post=178606"}],"curies":[{"name":"wp","href":"https:\/\/api.w.org\/{rel}","templated":true}]}}