{"id":178646,"date":"2024-12-11T23:06:08","date_gmt":"2024-12-12T02:06:08","guid":{"rendered":"https:\/\/corrientesdetarde.com\/?p=178646"},"modified":"2024-12-11T23:06:21","modified_gmt":"2024-12-12T02:06:21","slug":"seguridad-vecinal-se-realizo-una-nueva-reunion-en-el-barrio-yapeyu","status":"publish","type":"post","link":"https:\/\/corrientesdetarde.com\/index.php\/sociales\/seguridad-vecinal-se-realizo-una-nueva-reunion-en-el-barrio-yapeyu\/","title":{"rendered":"Seguridad Vecinal: se realiz\u00f3 una nueva reuni\u00f3n en el barrio Yapeyu"},"content":{"rendered":"\n<p>Autoridades del Ministerio de Seguridad y la Polic\u00eda de Corrientes dialogaron con los vecinos respecto a las problem\u00e1ticas de la zona.&nbsp;<\/p>\n\n\n\n<p>El martes por la tarde se llev\u00f3 a cabo una nueva Reuni\u00f3n de Seguridad Vecinal, donde vecinos de la zona se reunieron con autoridades para abordar temas de seguridad y prevenci\u00f3n. El encuentro, que tuvo lugar por la tarde, fue liderado por el Sub Secretario de Seguridad Ciudadana, Dr. Oscar Mart\u00ednez, quien estuvo acompa\u00f1ado por el Comisario Mayor Zaracho, el Jefe de la Comisar\u00eda Quinta, Comisario Walter G\u00f3mez, el Jefe de Drogas Peligrosas, Comisario Mayor Medina, y un equipo de la Subsecretar\u00eda de Seguridad Ciudadana.<\/p>\n\n\n\n<figure class=\"wp-block-image size-large\"><img loading=\"lazy\" decoding=\"async\" width=\"1024\" height=\"679\" src=\"https:\/\/corrientesdetarde.com\/wp-content\/uploads\/2024\/12\/image-562-1024x679.png\" alt=\"\" class=\"wp-image-178647\" srcset=\"https:\/\/corrientesdetarde.com\/wp-content\/uploads\/2024\/12\/image-562-1024x679.png 1024w, https:\/\/corrientesdetarde.com\/wp-content\/uploads\/2024\/12\/image-562-300x199.png 300w, https:\/\/corrientesdetarde.com\/wp-content\/uploads\/2024\/12\/image-562-768x509.png 768w, https:\/\/corrientesdetarde.com\/wp-content\/uploads\/2024\/12\/image-562.png 1361w\" sizes=\"auto, (max-width: 1024px) 100vw, 1024px\" \/><\/figure>\n\n\n\n<p>Durante la reuni\u00f3n, las autoridades policiales respondieron a las consultas de los vecinos sobre los operativos realizados en la zona y se tomaron el tiempo para escuchar las inquietudes y recomendaciones planteadas por los asistentes. Entre las principales preocupaciones, se discutieron estrategias para mejorar la prevenci\u00f3n en puntos clave del vecindario.<\/p>\n\n\n\n<p>El Dr. Mart\u00ednez destac\u00f3 la importancia de la participaci\u00f3n comunitaria en la seguridad y reafirm\u00f3 el compromiso de la Subsecretar\u00eda de trabajar en conjunto con los vecinos para crear un ambiente m\u00e1s seguro en el barrio. Por otro lado, el Subsecretario Provincial insisti\u00f3 a los vecinos que instalen la aplicaci\u00f3n Vecinos Seguros. Esta herramienta digital permite un r\u00e1pido accionar del 911 ante un pedido de auxilio y se puede descargar de manera gratuita en los celulares.<\/p>\n\n\n\n<figure class=\"wp-block-image size-large\"><img loading=\"lazy\" decoding=\"async\" width=\"1024\" height=\"682\" src=\"https:\/\/corrientesdetarde.com\/wp-content\/uploads\/2024\/12\/image-563-1024x682.png\" alt=\"\" class=\"wp-image-178648\" srcset=\"https:\/\/corrientesdetarde.com\/wp-content\/uploads\/2024\/12\/image-563-1024x682.png 1024w, https:\/\/corrientesdetarde.com\/wp-content\/uploads\/2024\/12\/image-563-300x200.png 300w, https:\/\/corrientesdetarde.com\/wp-content\/uploads\/2024\/12\/image-563-768x511.png 768w, https:\/\/corrientesdetarde.com\/wp-content\/uploads\/2024\/12\/image-563.png 1364w\" sizes=\"auto, (max-width: 1024px) 100vw, 1024px\" \/><\/figure>\n","protected":false},"excerpt":{"rendered":"<p>Autoridades del Ministerio de Seguridad y la Polic\u00eda de Corrientes dialogaron con los vecinos respecto a las problem\u00e1ticas de la zona.&nbsp; El martes por la tarde se llev\u00f3 a cabo&hellip; <\/p>\n","protected":false},"author":4,"featured_media":178649,"comment_status":"closed","ping_status":"open","sticky":false,"template":"","format":"standard","meta":{"footnotes":""},"categories":[17],"tags":[],"class_list":["post-178646","post","type-post","status-publish","format-standard","has-post-thumbnail","hentry","category-sociales"],"_links":{"self":[{"href":"https:\/\/corrientesdetarde.com\/index.php\/wp-json\/wp\/v2\/posts\/178646","targetHints":{"allow":["GET"]}}],"collection":[{"href":"https:\/\/corrientesdetarde.com\/index.php\/wp-json\/wp\/v2\/posts"}],"about":[{"href":"https:\/\/corrientesdetarde.com\/index.php\/wp-json\/wp\/v2\/types\/post"}],"author":[{"embeddable":true,"href":"https:\/\/corrientesdetarde.com\/index.php\/wp-json\/wp\/v2\/users\/4"}],"replies":[{"embeddable":true,"href":"https:\/\/corrientesdetarde.com\/index.php\/wp-json\/wp\/v2\/comments?post=178646"}],"version-history":[{"count":1,"href":"https:\/\/corrientesdetarde.com\/index.php\/wp-json\/wp\/v2\/posts\/178646\/revisions"}],"predecessor-version":[{"id":178650,"href":"https:\/\/corrientesdetarde.com\/index.php\/wp-json\/wp\/v2\/posts\/178646\/revisions\/178650"}],"wp:featuredmedia":[{"embeddable":true,"href":"https:\/\/corrientesdetarde.com\/index.php\/wp-json\/wp\/v2\/media\/178649"}],"wp:attachment":[{"href":"https:\/\/corrientesdetarde.com\/index.php\/wp-json\/wp\/v2\/media?parent=178646"}],"wp:term":[{"taxonomy":"category","embeddable":true,"href":"https:\/\/corrientesdetarde.com\/index.php\/wp-json\/wp\/v2\/categories?post=178646"},{"taxonomy":"post_tag","embeddable":true,"href":"https:\/\/corrientesdetarde.com\/index.php\/wp-json\/wp\/v2\/tags?post=178646"}],"curies":[{"name":"wp","href":"https:\/\/api.w.org\/{rel}","templated":true}]}}