{"id":178651,"date":"2024-12-11T23:33:46","date_gmt":"2024-12-12T02:33:46","guid":{"rendered":"https:\/\/corrientesdetarde.com\/?p=178651"},"modified":"2024-12-11T23:33:58","modified_gmt":"2024-12-12T02:33:58","slug":"seguridad-vecinal-se-realizo-una-nueva-reunion-en-el-barrio-yapeyu-2","status":"publish","type":"post","link":"https:\/\/corrientesdetarde.com\/index.php\/sociales\/seguridad-vecinal-se-realizo-una-nueva-reunion-en-el-barrio-yapeyu-2\/","title":{"rendered":"Seguridad Vecinal: se realiz\u00f3 una nueva reuni\u00f3n en el barrio Yapey\u00fa"},"content":{"rendered":"\n<p>Autoridades del Ministerio de Seguridad y la Polic\u00eda de Corrientes dialogaron con los vecinos respecto a las problem\u00e1ticas de la zona.&nbsp;<\/p>\n\n\n\n<p>El martes, por la tarde, se llev\u00f3 a cabo una nueva reuni\u00f3n de Seguridad Vecinal, donde vecinos del barrio Yapey\u00fa&nbsp;se reunieron con autoridades para abordar temas de resguardo ante casos de inseguridad&nbsp;y prevenci\u00f3n. El encuentro,&nbsp;fue liderado por el subsecretario de Seguridad Ciudadana, Oscar Mart\u00ednez, quen estuvo acompa\u00f1ado por el comisario Mayor Zaracho;&nbsp;el jefe de la Comisar\u00eda Quinta,&nbsp;Walter G\u00f3mez;&nbsp;el jefe de Drogas Peligrosas, comisario Mayor Medina;&nbsp;y un equipo de la Subsecretar\u00eda de Seguridad Ciudadana.<\/p>\n\n\n\n<figure class=\"wp-block-image size-large\"><img loading=\"lazy\" decoding=\"async\" width=\"1024\" height=\"673\" src=\"https:\/\/corrientesdetarde.com\/wp-content\/uploads\/2024\/12\/image-564-1024x673.png\" alt=\"\" class=\"wp-image-178652\" srcset=\"https:\/\/corrientesdetarde.com\/wp-content\/uploads\/2024\/12\/image-564-1024x673.png 1024w, https:\/\/corrientesdetarde.com\/wp-content\/uploads\/2024\/12\/image-564-300x197.png 300w, https:\/\/corrientesdetarde.com\/wp-content\/uploads\/2024\/12\/image-564-768x505.png 768w, https:\/\/corrientesdetarde.com\/wp-content\/uploads\/2024\/12\/image-564.png 1365w\" sizes=\"auto, (max-width: 1024px) 100vw, 1024px\" \/><\/figure>\n\n\n\n<p>Durante la reuni\u00f3n, las autoridades policiales respondieron a las consultas de los vecinos sobre los operativos realizados en la zona y se tomaron el tiempo para escuchar las inquietudes y recomendaciones planteadas por los asistentes. Entre las principales preocupaciones, se discutieron estrategias para mejorar la prevenci\u00f3n en puntos clave del vecindario.<\/p>\n\n\n\n<p>Mart\u00ednez destac\u00f3 la importancia de la participaci\u00f3n comunitaria en la seguridad y reafirm\u00f3 el compromiso de la Subsecretar\u00eda de trabajar en conjunto con los vecinos para crear un ambiente m\u00e1s seguro en el barrio. Por otro lado, el Subsecretario Provincial insisti\u00f3 a los vecinos que instalen la aplicaci\u00f3n Vecinos Seguros. Esta herramienta digital permite un r\u00e1pido accionar del 911 ante un pedido de auxilio y se puede descargar de manera gratuita en los celulares.<\/p>\n","protected":false},"excerpt":{"rendered":"<p>Autoridades del Ministerio de Seguridad y la Polic\u00eda de Corrientes dialogaron con los vecinos respecto a las problem\u00e1ticas de la zona.&nbsp; El martes, por la tarde, se llev\u00f3 a cabo&hellip; <\/p>\n","protected":false},"author":4,"featured_media":178653,"comment_status":"closed","ping_status":"open","sticky":false,"template":"","format":"standard","meta":{"footnotes":""},"categories":[17],"tags":[],"class_list":["post-178651","post","type-post","status-publish","format-standard","has-post-thumbnail","hentry","category-sociales"],"_links":{"self":[{"href":"https:\/\/corrientesdetarde.com\/index.php\/wp-json\/wp\/v2\/posts\/178651","targetHints":{"allow":["GET"]}}],"collection":[{"href":"https:\/\/corrientesdetarde.com\/index.php\/wp-json\/wp\/v2\/posts"}],"about":[{"href":"https:\/\/corrientesdetarde.com\/index.php\/wp-json\/wp\/v2\/types\/post"}],"author":[{"embeddable":true,"href":"https:\/\/corrientesdetarde.com\/index.php\/wp-json\/wp\/v2\/users\/4"}],"replies":[{"embeddable":true,"href":"https:\/\/corrientesdetarde.com\/index.php\/wp-json\/wp\/v2\/comments?post=178651"}],"version-history":[{"count":1,"href":"https:\/\/corrientesdetarde.com\/index.php\/wp-json\/wp\/v2\/posts\/178651\/revisions"}],"predecessor-version":[{"id":178654,"href":"https:\/\/corrientesdetarde.com\/index.php\/wp-json\/wp\/v2\/posts\/178651\/revisions\/178654"}],"wp:featuredmedia":[{"embeddable":true,"href":"https:\/\/corrientesdetarde.com\/index.php\/wp-json\/wp\/v2\/media\/178653"}],"wp:attachment":[{"href":"https:\/\/corrientesdetarde.com\/index.php\/wp-json\/wp\/v2\/media?parent=178651"}],"wp:term":[{"taxonomy":"category","embeddable":true,"href":"https:\/\/corrientesdetarde.com\/index.php\/wp-json\/wp\/v2\/categories?post=178651"},{"taxonomy":"post_tag","embeddable":true,"href":"https:\/\/corrientesdetarde.com\/index.php\/wp-json\/wp\/v2\/tags?post=178651"}],"curies":[{"name":"wp","href":"https:\/\/api.w.org\/{rel}","templated":true}]}}