{"id":178655,"date":"2024-12-12T00:01:57","date_gmt":"2024-12-12T03:01:57","guid":{"rendered":"https:\/\/corrientesdetarde.com\/?p=178655"},"modified":"2024-12-12T08:09:40","modified_gmt":"2024-12-12T11:09:40","slug":"los-clubes-de-adultos-mayores-realizaran-un-cena-por-fin-de-ano","status":"publish","type":"post","link":"https:\/\/corrientesdetarde.com\/index.php\/eventossociedad\/los-clubes-de-adultos-mayores-realizaran-un-cena-por-fin-de-ano\/","title":{"rendered":"Los Clubes de Adultos Mayores realizar\u00e1n un cena por fin de a\u00f1o"},"content":{"rendered":"\n<p>El \u00c1rea de Adultos Mayores, dependiente, del Ministerio de Desarrollo Social comunica&nbsp;a&nbsp;los referentes de los Clubes de Adultos Mayores de la Gran Cena de Fin de A\u00f1o, que tendr\u00e1 lugar este jueves 12 de diciembre, a las 20, en el sal\u00f3n Club Royal,&nbsp;ubicado en Jun\u00edn&nbsp;765.&nbsp;La cena tiene como finalidad rendir homenaje a los Clubes de Adultos Mayores, que actualmente son 26.<\/p>\n\n\n\n<figure class=\"wp-block-image size-full\"><img loading=\"lazy\" decoding=\"async\" width=\"628\" height=\"901\" src=\"https:\/\/corrientesdetarde.com\/wp-content\/uploads\/2024\/12\/image-565.png\" alt=\"\" class=\"wp-image-178656\" srcset=\"https:\/\/corrientesdetarde.com\/wp-content\/uploads\/2024\/12\/image-565.png 628w, https:\/\/corrientesdetarde.com\/wp-content\/uploads\/2024\/12\/image-565-209x300.png 209w\" sizes=\"auto, (max-width: 628px) 100vw, 628px\" \/><\/figure>\n","protected":false},"excerpt":{"rendered":"<p>El \u00c1rea de Adultos Mayores, dependiente, del Ministerio de Desarrollo Social comunica&nbsp;a&nbsp;los referentes de los Clubes de Adultos Mayores de la Gran Cena de Fin de A\u00f1o, que tendr\u00e1 lugar&hellip; <\/p>\n","protected":false},"author":4,"featured_media":178656,"comment_status":"closed","ping_status":"open","sticky":false,"template":"","format":"standard","meta":{"footnotes":""},"categories":[1208],"tags":[],"class_list":["post-178655","post","type-post","status-publish","format-standard","has-post-thumbnail","hentry","category-eventossociedad"],"_links":{"self":[{"href":"https:\/\/corrientesdetarde.com\/index.php\/wp-json\/wp\/v2\/posts\/178655","targetHints":{"allow":["GET"]}}],"collection":[{"href":"https:\/\/corrientesdetarde.com\/index.php\/wp-json\/wp\/v2\/posts"}],"about":[{"href":"https:\/\/corrientesdetarde.com\/index.php\/wp-json\/wp\/v2\/types\/post"}],"author":[{"embeddable":true,"href":"https:\/\/corrientesdetarde.com\/index.php\/wp-json\/wp\/v2\/users\/4"}],"replies":[{"embeddable":true,"href":"https:\/\/corrientesdetarde.com\/index.php\/wp-json\/wp\/v2\/comments?post=178655"}],"version-history":[{"count":1,"href":"https:\/\/corrientesdetarde.com\/index.php\/wp-json\/wp\/v2\/posts\/178655\/revisions"}],"predecessor-version":[{"id":178657,"href":"https:\/\/corrientesdetarde.com\/index.php\/wp-json\/wp\/v2\/posts\/178655\/revisions\/178657"}],"wp:featuredmedia":[{"embeddable":true,"href":"https:\/\/corrientesdetarde.com\/index.php\/wp-json\/wp\/v2\/media\/178656"}],"wp:attachment":[{"href":"https:\/\/corrientesdetarde.com\/index.php\/wp-json\/wp\/v2\/media?parent=178655"}],"wp:term":[{"taxonomy":"category","embeddable":true,"href":"https:\/\/corrientesdetarde.com\/index.php\/wp-json\/wp\/v2\/categories?post=178655"},{"taxonomy":"post_tag","embeddable":true,"href":"https:\/\/corrientesdetarde.com\/index.php\/wp-json\/wp\/v2\/tags?post=178655"}],"curies":[{"name":"wp","href":"https:\/\/api.w.org\/{rel}","templated":true}]}}