{"id":178658,"date":"2024-12-12T00:41:56","date_gmt":"2024-12-12T03:41:56","guid":{"rendered":"https:\/\/corrientesdetarde.com\/?p=178658"},"modified":"2024-12-12T00:42:01","modified_gmt":"2024-12-12T03:42:01","slug":"este-sabado-se-presentara-en-paraguay-la-34a-fiesta-nacional-del-chamame","status":"publish","type":"post","link":"https:\/\/corrientesdetarde.com\/index.php\/actualidad\/este-sabado-se-presentara-en-paraguay-la-34a-fiesta-nacional-del-chamame\/","title":{"rendered":"Este s\u00e1bado se presentar\u00e1 en Paraguay\u00a0la 34\u00aa Fiesta Nacional del Chamam\u00e9\u00a0"},"content":{"rendered":"\n<p>El Gobierno de la Provincia de Corrientes, a trav\u00e9s del Instituto de Cultura, avanza en la promoci\u00f3n la 34\u00aa Fiesta Nacional del Chamam\u00e9, 20\u00aa Fiesta del MERCOSUR y 4\u00aa Celebraci\u00f3n Mundial, &#8220;Av\u00edo del alma&#8221;, a desarrollarse del 17 al 26 de enero de 2025.&nbsp;Con este prop\u00f3sito, este s\u00e1bado 14 de diciembre, se realizar\u00e1 el lanzamiento oficial en el vecino pa\u00eds del Paraguay. Esta&nbsp;invitaci\u00f3n a formar parte de la celebraci\u00f3n chamamecera se llevar\u00e1 adelante, a partir de las 18, en el escenario Pante\u00f3n de los H\u00e9roes (Palma esq. Chile) de la ciudad de Asunci\u00f3n, en el marco de la Feria Palmear.<\/p>\n\n\n\n<p>Cabe se\u00f1alar que la Feria Palmear es un proyecto liderado por la Oficina de la Primera Dama, la Asociaci\u00f3n de la Movida del Centro Hist\u00f3rico de Asunci\u00f3n (AMCHA), la Municipalidad de Asunci\u00f3n y la colaboraci\u00f3n de diversas entidades gubernamentales que ha revitalizado el coraz\u00f3n de la capital paraguaya.<\/p>\n\n\n\n<figure class=\"wp-block-image size-full\"><img loading=\"lazy\" decoding=\"async\" width=\"510\" height=\"901\" src=\"https:\/\/corrientesdetarde.com\/wp-content\/uploads\/2024\/12\/image-567.png\" alt=\"\" class=\"wp-image-178660\" srcset=\"https:\/\/corrientesdetarde.com\/wp-content\/uploads\/2024\/12\/image-567.png 510w, https:\/\/corrientesdetarde.com\/wp-content\/uploads\/2024\/12\/image-567-170x300.png 170w\" sizes=\"auto, (max-width: 510px) 100vw, 510px\" \/><\/figure>\n\n\n\n<p>En ese marco institucional y con la adhesi\u00f3n de AIE Paraguay (Artistas, Int\u00e9rpretes y Ejecutantes), el Gobierno de la Provincia de Corrientes, a trav\u00e9s del Instituto de Cultura de la Provincia, realizar\u00e1 el lanzamiento oficial de la 34\u00b0 Fiesta Nacional del Chamam\u00e9, 20\u00b0 Fiesta del MERCOSUR y 4\u00b0 Celebraci\u00f3n Mundial.<\/p>\n\n\n\n<p>Adem\u00e1s, a poco de cumplirse 4 a\u00f1os de la declaraci\u00f3n del chamam\u00e9 como Patrimonio Cultural Inmaterial de la Humanidad, esta presentaci\u00f3n ser\u00e1 una ocasi\u00f3n oportuna para poner en relieve que en los \u00faltimos d\u00edas la Guarania obtuvo tambi\u00e9n esta important\u00edsima distinci\u00f3n, durante la 19\u00b0 Sesi\u00f3n del Comit\u00e9 Intergubernamental de la UNESCO, celebrada en Paraguay.<\/p>\n\n\n\n<p>El lanzamiento internacional estar\u00e1 a cargo de la presidente del Instituto de Cultura, Beatriz Kunin, el director de la Fiesta, Eduardo Sivori, y las autoridades paraguayas anfitrionas.&nbsp;<\/p>\n\n\n\n<p>Se presentar\u00e1 el Trailer Oficial y el cierre ser\u00e1 a puro chamam\u00e9, con la actuaci\u00f3n de Alfredo Monz\u00f3n, con Silvina Escalante y Myriam Beatriz, como invitadas especiales.<\/p>\n\n\n\n<p>PROGRAMA<\/p>\n\n\n\n<p>18 hs. Apertura del evento. Locuci\u00f3n Ver\u00f3nica Ben\u00edtez<br>18:10 hs Jos\u00e9 L\u00f3pez y sus carapegue\u00f1os<br>18:40 hs Presentaci\u00f3n Oficial de la 34\u00b0 Fiesta Nacional del Chamam\u00e9&nbsp;<br>&nbsp;&nbsp; &nbsp; &nbsp; &nbsp;Trailer Oficial&nbsp;<br>&nbsp;&nbsp; &nbsp; &nbsp; &nbsp;Palabras de autoridades presentes: Eduardo S\u00edvori, director general de la FNCH; Beatriz Kunin, presidente del Instituto de Cultura de la provincia de Corrientes junto a autoridades paraguayas.<br>18:55 hs David D\u00edaz Marchetto Grupo<br>19:25 hs Alfredo Monz\u00f3n, con invitadas especiales: Silvina Escalante y Myriam Beatriz.<br>20:00 hs Entrega de presentes a autoridades de AMCHA y cierre<\/p>\n\n\n\n<figure class=\"wp-block-image size-full\"><img loading=\"lazy\" decoding=\"async\" width=\"505\" height=\"906\" src=\"https:\/\/corrientesdetarde.com\/wp-content\/uploads\/2024\/12\/image-566.png\" alt=\"\" class=\"wp-image-178659\" srcset=\"https:\/\/corrientesdetarde.com\/wp-content\/uploads\/2024\/12\/image-566.png 505w, https:\/\/corrientesdetarde.com\/wp-content\/uploads\/2024\/12\/image-566-167x300.png 167w\" sizes=\"auto, (max-width: 505px) 100vw, 505px\" \/><\/figure>\n","protected":false},"excerpt":{"rendered":"<p>El Gobierno de la Provincia de Corrientes, a trav\u00e9s del Instituto de Cultura, avanza en la promoci\u00f3n la 34\u00aa Fiesta Nacional del Chamam\u00e9, 20\u00aa Fiesta del MERCOSUR y 4\u00aa Celebraci\u00f3n&hellip; <\/p>\n","protected":false},"author":4,"featured_media":178661,"comment_status":"closed","ping_status":"open","sticky":false,"template":"","format":"standard","meta":{"footnotes":""},"categories":[23],"tags":[],"class_list":["post-178658","post","type-post","status-publish","format-standard","has-post-thumbnail","hentry","category-actualidad"],"_links":{"self":[{"href":"https:\/\/corrientesdetarde.com\/index.php\/wp-json\/wp\/v2\/posts\/178658","targetHints":{"allow":["GET"]}}],"collection":[{"href":"https:\/\/corrientesdetarde.com\/index.php\/wp-json\/wp\/v2\/posts"}],"about":[{"href":"https:\/\/corrientesdetarde.com\/index.php\/wp-json\/wp\/v2\/types\/post"}],"author":[{"embeddable":true,"href":"https:\/\/corrientesdetarde.com\/index.php\/wp-json\/wp\/v2\/users\/4"}],"replies":[{"embeddable":true,"href":"https:\/\/corrientesdetarde.com\/index.php\/wp-json\/wp\/v2\/comments?post=178658"}],"version-history":[{"count":1,"href":"https:\/\/corrientesdetarde.com\/index.php\/wp-json\/wp\/v2\/posts\/178658\/revisions"}],"predecessor-version":[{"id":178662,"href":"https:\/\/corrientesdetarde.com\/index.php\/wp-json\/wp\/v2\/posts\/178658\/revisions\/178662"}],"wp:featuredmedia":[{"embeddable":true,"href":"https:\/\/corrientesdetarde.com\/index.php\/wp-json\/wp\/v2\/media\/178661"}],"wp:attachment":[{"href":"https:\/\/corrientesdetarde.com\/index.php\/wp-json\/wp\/v2\/media?parent=178658"}],"wp:term":[{"taxonomy":"category","embeddable":true,"href":"https:\/\/corrientesdetarde.com\/index.php\/wp-json\/wp\/v2\/categories?post=178658"},{"taxonomy":"post_tag","embeddable":true,"href":"https:\/\/corrientesdetarde.com\/index.php\/wp-json\/wp\/v2\/tags?post=178658"}],"curies":[{"name":"wp","href":"https:\/\/api.w.org\/{rel}","templated":true}]}}