{"id":178669,"date":"2024-12-12T01:03:09","date_gmt":"2024-12-12T04:03:09","guid":{"rendered":"https:\/\/corrientesdetarde.com\/?p=178669"},"modified":"2024-12-12T01:03:21","modified_gmt":"2024-12-12T04:03:21","slug":"indec-el-nea-fue-la-region-con-la-inflacion-mas-baja-del-pais","status":"publish","type":"post","link":"https:\/\/corrientesdetarde.com\/index.php\/economia\/indec-el-nea-fue-la-region-con-la-inflacion-mas-baja-del-pais\/","title":{"rendered":"Indec: el NEA fue la regi\u00f3n con la inflaci\u00f3n m\u00e1s baja del pa\u00eds"},"content":{"rendered":"\n<p>A nivel nacional, la inflaci\u00f3n mensual fue del 2,4 por ciento, con un acumulado del 112 por ciento en lo que va de 2024 y una suba interanual del 166 por ciento.<\/p>\n\n\n\n<p>El Nordeste argentino (NEA) registr\u00f3 en noviembre una inflaci\u00f3n del 1,8 por ciento, el \u00edndice m\u00e1s bajo del pa\u00eds, igualando a las regiones del Noroeste (NOA) y Cuyo, seg\u00fan el \u00cdndice de Precios al Consumidor (IPC) difundido este mi\u00e9rcoles por el Instituto Nacional de Estad\u00edsticas y Censos (Indec).<\/p>\n\n\n\n<p>En lo que va del a\u00f1o, el aumento acumulado en el NEA alcanza el 98 por ciento, mientras que la variaci\u00f3n interanual respecto a noviembre de 2023 trepa al 154,2 por ciento. Entre los rubros que m\u00e1s incrementaron en la regi\u00f3n se encuentran Restaurantes y hoteles (4,5 por ciento), Bebidas alcoh\u00f3licas y tabaco (4 por ciento) y Prendas de vestir y calzado (3,5 por ciento). Otros sectores destacados fueron Recreaci\u00f3n y cultura (2,7 por ciento), Salud (2,7 por ciento), Transporte (2,4 por ciento) y Vivienda, agua, electricidad, gas y otros combustibles (2,2 por ciento).<\/p>\n\n\n\n<p>Contexto nacional<\/p>\n\n\n\n<p>A nivel nacional, la inflaci\u00f3n mensual fue del 2,4 por ciento, con un acumulado del 112 por ciento en lo que va de 2024 y una suba interanual del 166 por ciento.<\/p>\n\n\n\n<p>La regi\u00f3n Patag\u00f3nica lider\u00f3 con la mayor inflaci\u00f3n mensual (3,3 por ciento), seguida por Gran Buenos Aires (2,6 por ciento), Pampeana (2,3 por ciento), Cuyo (2,1 por ciento), Noroeste (NOA) (1,9 por ciento) y, finalmente, el Nordeste (NEA) con 1,8 por ciento.<\/p>\n","protected":false},"excerpt":{"rendered":"<p>A nivel nacional, la inflaci\u00f3n mensual fue del 2,4 por ciento, con un acumulado del 112 por ciento en lo que va de 2024 y una suba interanual del 166&hellip; <\/p>\n","protected":false},"author":4,"featured_media":178670,"comment_status":"closed","ping_status":"open","sticky":false,"template":"","format":"standard","meta":{"footnotes":""},"categories":[20],"tags":[],"class_list":["post-178669","post","type-post","status-publish","format-standard","has-post-thumbnail","hentry","category-economia"],"_links":{"self":[{"href":"https:\/\/corrientesdetarde.com\/index.php\/wp-json\/wp\/v2\/posts\/178669","targetHints":{"allow":["GET"]}}],"collection":[{"href":"https:\/\/corrientesdetarde.com\/index.php\/wp-json\/wp\/v2\/posts"}],"about":[{"href":"https:\/\/corrientesdetarde.com\/index.php\/wp-json\/wp\/v2\/types\/post"}],"author":[{"embeddable":true,"href":"https:\/\/corrientesdetarde.com\/index.php\/wp-json\/wp\/v2\/users\/4"}],"replies":[{"embeddable":true,"href":"https:\/\/corrientesdetarde.com\/index.php\/wp-json\/wp\/v2\/comments?post=178669"}],"version-history":[{"count":1,"href":"https:\/\/corrientesdetarde.com\/index.php\/wp-json\/wp\/v2\/posts\/178669\/revisions"}],"predecessor-version":[{"id":178671,"href":"https:\/\/corrientesdetarde.com\/index.php\/wp-json\/wp\/v2\/posts\/178669\/revisions\/178671"}],"wp:featuredmedia":[{"embeddable":true,"href":"https:\/\/corrientesdetarde.com\/index.php\/wp-json\/wp\/v2\/media\/178670"}],"wp:attachment":[{"href":"https:\/\/corrientesdetarde.com\/index.php\/wp-json\/wp\/v2\/media?parent=178669"}],"wp:term":[{"taxonomy":"category","embeddable":true,"href":"https:\/\/corrientesdetarde.com\/index.php\/wp-json\/wp\/v2\/categories?post=178669"},{"taxonomy":"post_tag","embeddable":true,"href":"https:\/\/corrientesdetarde.com\/index.php\/wp-json\/wp\/v2\/tags?post=178669"}],"curies":[{"name":"wp","href":"https:\/\/api.w.org\/{rel}","templated":true}]}}